{"id":15670,"date":"2024-06-20T16:55:10","date_gmt":"2024-06-20T14:55:10","guid":{"rendered":"https:\/\/agora.xtec.cat\/iesesteveterradas\/?p=15670"},"modified":"2024-06-27T11:34:59","modified_gmt":"2024-06-27T09:34:59","slug":"haas-a-montbelo-i-lesteve-terradas","status":"publish","type":"post","link":"https:\/\/agora.xtec.cat\/iesesteveterradas\/general\/haas-a-montbelo-i-lesteve-terradas\/","title":{"rendered":"HAAS a Montmel\u00f3 i l&#8217;Esteve Terradas"},"content":{"rendered":"<p>Un any m\u00e9s HAAS convida a Fabricaci\u00f3 Mec\u00e0nica i Manteniment Industrial a les seves Instal\u00b7lacions, per con\u00e8ixer les noves tecnologies industrials i al seu equip de F1, que participa al gran premi d&#8217;Espanya a Montmel\u00f3.<a href=\"https:\/\/agora.xtec.cat\/iesesteveterradas\/general\/haas-a-montbelo-i-lesteve-terradas\/attachment\/photo-2024-06-20-12-02-22\/\" rel=\"attachment wp-att-15671\"><img loading=\"lazy\" decoding=\"async\" class=\"alignleft size-full wp-image-15671\" src=\"https:\/\/agora.xtec.cat\/iesesteveterradas\/wp-content\/uploads\/usu855\/PHOTO-2024-06-20-12-02-22.jpg\" alt=\"\" width=\"1600\" height=\"1200\" srcset=\"https:\/\/agora.xtec.cat\/iesesteveterradas\/wp-content\/uploads\/usu855\/PHOTO-2024-06-20-12-02-22.jpg 1600w, https:\/\/agora.xtec.cat\/iesesteveterradas\/wp-content\/uploads\/usu855\/PHOTO-2024-06-20-12-02-22-300x225.jpg 300w, https:\/\/agora.xtec.cat\/iesesteveterradas\/wp-content\/uploads\/usu855\/PHOTO-2024-06-20-12-02-22-1024x768.jpg 1024w, https:\/\/agora.xtec.cat\/iesesteveterradas\/wp-content\/uploads\/usu855\/PHOTO-2024-06-20-12-02-22-768x576.jpg 768w, https:\/\/agora.xtec.cat\/iesesteveterradas\/wp-content\/uploads\/usu855\/PHOTO-2024-06-20-12-02-22-1536x1152.jpg 1536w, https:\/\/agora.xtec.cat\/iesesteveterradas\/wp-content\/uploads\/usu855\/PHOTO-2024-06-20-12-02-22-200x150.jpg 200w\" sizes=\"auto, (max-width: 1600px) 100vw, 1600px\" \/><\/a><\/p>\n","protected":false},"excerpt":{"rendered":"<p>Un any m\u00e9s HAAS convida a Fabricaci\u00f3 Mec\u00e0nica i Manteniment Industrial a les seves Instal\u00b7lacions, per con\u00e8ixer les noves tecnologies industrials i al seu equip de F1, que participa al gran premi d&#8217;Espanya a Montmel\u00f3.&hellip;  <a href=\"https:\/\/agora.xtec.cat\/iesesteveterradas\/general\/haas-a-montbelo-i-lesteve-terradas\/\" title=\"Read HAAS a Montmel\u00f3 i l&#8217;Esteve Terradas\">Llegeix m\u00e9s\u00bb<\/a><\/p>\n","protected":false},"author":6,"featured_media":15671,"comment_status":"closed","ping_status":"closed","sticky":false,"template":"","format":"standard","meta":{"_bbp_topic_count":0,"_bbp_reply_count":0,"_bbp_total_topic_count":0,"_bbp_total_reply_count":0,"_bbp_voice_count":0,"_bbp_anonymous_reply_count":0,"_bbp_topic_count_hidden":0,"_bbp_reply_count_hidden":0,"_bbp_forum_subforum_count":0,"footnotes":""},"categories":[30,117,1,116,29,368],"tags":[],"class_list":["post-15670","post","type-post","status-publish","format-standard","has-post-thumbnail","hentry","category-cicles-formatius","category-fabricacion_mecanica","category-general","category-manteniment_industrial","category-portada","category-portada-ca"],"post_mailing_queue_ids":[],"_links":{"self":[{"href":"https:\/\/agora.xtec.cat\/iesesteveterradas\/wp-json\/wp\/v2\/posts\/15670","targetHints":{"allow":["GET"]}}],"collection":[{"href":"https:\/\/agora.xtec.cat\/iesesteveterradas\/wp-json\/wp\/v2\/posts"}],"about":[{"href":"https:\/\/agora.xtec.cat\/iesesteveterradas\/wp-json\/wp\/v2\/types\/post"}],"author":[{"embeddable":true,"href":"https:\/\/agora.xtec.cat\/iesesteveterradas\/wp-json\/wp\/v2\/users\/6"}],"replies":[{"embeddable":true,"href":"https:\/\/agora.xtec.cat\/iesesteveterradas\/wp-json\/wp\/v2\/comments?post=15670"}],"version-history":[{"count":6,"href":"https:\/\/agora.xtec.cat\/iesesteveterradas\/wp-json\/wp\/v2\/posts\/15670\/revisions"}],"predecessor-version":[{"id":15722,"href":"https:\/\/agora.xtec.cat\/iesesteveterradas\/wp-json\/wp\/v2\/posts\/15670\/revisions\/15722"}],"wp:featuredmedia":[{"embeddable":true,"href":"https:\/\/agora.xtec.cat\/iesesteveterradas\/wp-json\/wp\/v2\/media\/15671"}],"wp:attachment":[{"href":"https:\/\/agora.xtec.cat\/iesesteveterradas\/wp-json\/wp\/v2\/media?parent=15670"}],"wp:term":[{"taxonomy":"category","embeddable":true,"href":"https:\/\/agora.xtec.cat\/iesesteveterradas\/wp-json\/wp\/v2\/categories?post=15670"},{"taxonomy":"post_tag","embeddable":true,"href":"https:\/\/agora.xtec.cat\/iesesteveterradas\/wp-json\/wp\/v2\/tags?post=15670"}],"curies":[{"name":"wp","href":"https:\/\/api.w.org\/{rel}","templated":true}]}}