{"id":15579,"date":"2024-06-11T10:56:40","date_gmt":"2024-06-11T08:56:40","guid":{"rendered":"https:\/\/agora.xtec.cat\/iesesteveterradas\/?p=15579"},"modified":"2024-06-18T10:57:21","modified_gmt":"2024-06-18T08:57:21","slug":"biennal-maquina-eina-de-bilbao-biemh","status":"publish","type":"post","link":"https:\/\/agora.xtec.cat\/iesesteveterradas\/general\/biennal-maquina-eina-de-bilbao-biemh\/","title":{"rendered":"BIENNAL M\u00c0QUINA EINA DE BILBAO BIEMH"},"content":{"rendered":"<p>La fira referent al mon de m\u00e0quina eina es realitza cada dos anys a Bilbao. Com altres anys els departaments de Fabricaci\u00f3 Mec\u00e0nica i Manteniment Industrial han visitat aquest esdeveniment per con\u00e8ixer de primera m\u00e0 les novetats del sector i estar a l&#8217;\u00faltima de les noves tecnologies aplicables a la ind\u00fastria.<\/p>\n<p>Enguany s&#8217;ha aprofitat per visitar uns dels centres referents a l&#8217;Fp del Pa\u00eds Basc, l&#8217;Institut Easo de San Sebasti\u00e0, per compartir coneixements.<\/p>\n<p><img loading=\"lazy\" decoding=\"async\" class=\"alignleft wp-image-15580\" src=\"https:\/\/agora.xtec.cat\/iesesteveterradas\/wp-content\/uploads\/usu855\/868E05C6-7849-4518-AB34-AEBC30D3E267-150x150.jpg\" alt=\"\" width=\"244\" height=\"244\" \/><\/p>\n","protected":false},"excerpt":{"rendered":"<p>La fira referent al mon de m\u00e0quina eina es realitza cada dos anys a Bilbao. Com altres anys els departaments de Fabricaci\u00f3 Mec\u00e0nica i Manteniment Industrial han visitat aquest esdeveniment per con\u00e8ixer de primera m\u00e0 les novetats del sector i estar a l&#8217;\u00faltima de les noves tecnologies aplicables a la ind\u00fastria.&hellip;  <a href=\"https:\/\/agora.xtec.cat\/iesesteveterradas\/general\/biennal-maquina-eina-de-bilbao-biemh\/\" title=\"Read BIENNAL M\u00c0QUINA EINA DE BILBAO BIEMH\">Llegeix m\u00e9s\u00bb<\/a><\/p>\n","protected":false},"author":6,"featured_media":15580,"comment_status":"closed","ping_status":"closed","sticky":false,"template":"","format":"standard","meta":{"_bbp_topic_count":0,"_bbp_reply_count":0,"_bbp_total_topic_count":0,"_bbp_total_reply_count":0,"_bbp_voice_count":0,"_bbp_anonymous_reply_count":0,"_bbp_topic_count_hidden":0,"_bbp_reply_count_hidden":0,"_bbp_forum_subforum_count":0,"footnotes":""},"categories":[117,1,116,29,368],"tags":[],"class_list":["post-15579","post","type-post","status-publish","format-standard","has-post-thumbnail","hentry","category-fabricacion_mecanica","category-general","category-manteniment_industrial","category-portada","category-portada-ca"],"post_mailing_queue_ids":[],"_links":{"self":[{"href":"https:\/\/agora.xtec.cat\/iesesteveterradas\/wp-json\/wp\/v2\/posts\/15579","targetHints":{"allow":["GET"]}}],"collection":[{"href":"https:\/\/agora.xtec.cat\/iesesteveterradas\/wp-json\/wp\/v2\/posts"}],"about":[{"href":"https:\/\/agora.xtec.cat\/iesesteveterradas\/wp-json\/wp\/v2\/types\/post"}],"author":[{"embeddable":true,"href":"https:\/\/agora.xtec.cat\/iesesteveterradas\/wp-json\/wp\/v2\/users\/6"}],"replies":[{"embeddable":true,"href":"https:\/\/agora.xtec.cat\/iesesteveterradas\/wp-json\/wp\/v2\/comments?post=15579"}],"version-history":[{"count":2,"href":"https:\/\/agora.xtec.cat\/iesesteveterradas\/wp-json\/wp\/v2\/posts\/15579\/revisions"}],"predecessor-version":[{"id":15658,"href":"https:\/\/agora.xtec.cat\/iesesteveterradas\/wp-json\/wp\/v2\/posts\/15579\/revisions\/15658"}],"wp:featuredmedia":[{"embeddable":true,"href":"https:\/\/agora.xtec.cat\/iesesteveterradas\/wp-json\/wp\/v2\/media\/15580"}],"wp:attachment":[{"href":"https:\/\/agora.xtec.cat\/iesesteveterradas\/wp-json\/wp\/v2\/media?parent=15579"}],"wp:term":[{"taxonomy":"category","embeddable":true,"href":"https:\/\/agora.xtec.cat\/iesesteveterradas\/wp-json\/wp\/v2\/categories?post=15579"},{"taxonomy":"post_tag","embeddable":true,"href":"https:\/\/agora.xtec.cat\/iesesteveterradas\/wp-json\/wp\/v2\/tags?post=15579"}],"curies":[{"name":"wp","href":"https:\/\/api.w.org\/{rel}","templated":true}]}}