{"id":15487,"date":"2024-05-13T11:42:51","date_gmt":"2024-05-13T09:42:51","guid":{"rendered":"https:\/\/agora.xtec.cat\/iesesteveterradas\/?p=15487"},"modified":"2024-06-18T10:39:10","modified_gmt":"2024-06-18T08:39:10","slug":"tintin60cat-als-estudis-de-radio-cornella","status":"publish","type":"post","link":"https:\/\/agora.xtec.cat\/iesesteveterradas\/general\/tintin60cat-als-estudis-de-radio-cornella\/","title":{"rendered":"Tintin60CAT als estudis de R\u00e0dio Cornell\u00e0"},"content":{"rendered":"<p>El projecte de Realitat Virtual que hem estrenat aquesta setmana, Tintin60CAT,\u00a0 ha sigut protagonista del programa Cornell\u00e0 Not\u00edcies del dijous 9 de maig. Per explicar aquesta innovadora experi\u00e8ncia immersiva liderada per l&#8217;alumnat del CFGS d&#8217;Assist\u00e8ncia a la Direcci\u00f3 de l&#8217;Esteve, un grup d\u2019estudiants, encap\u00e7alats per Ivan Figueredo, membre del Club de la VR, i\u00a0 Dani Birkivskyy, alumne d&#8217;Arts Gr\u00e0fiques de l&#8217;IFP Antoni Alguer\u00f3 de Sant Just Desvern, han visitat els estudis de R\u00e0dio Cornell\u00e0.<\/p>\n<p>Si voleu escoltar el tall de veu: <a href=\"https:\/\/www.radiocornella.cat\/news\/id\/radiocornella_news_1303\">https:\/\/www.radiocornella.cat\/news\/id\/radiocornella_news_1238<\/a><\/p>\n<table style=\"border-collapse: collapse; width: 100%;\">\n<tbody>\n<tr>\n<td style=\"width: 50%;\"><img loading=\"lazy\" decoding=\"async\" class=\"wp-image-15489 aligncenter\" src=\"https:\/\/agora.xtec.cat\/iesesteveterradas\/wp-content\/uploads\/usu855\/GNIoripXgAAkPFO-1024x768.jpg\" alt=\"\" width=\"382\" height=\"286\" srcset=\"https:\/\/agora.xtec.cat\/iesesteveterradas\/wp-content\/uploads\/usu855\/GNIoripXgAAkPFO-1024x768.jpg 1024w, https:\/\/agora.xtec.cat\/iesesteveterradas\/wp-content\/uploads\/usu855\/GNIoripXgAAkPFO-300x225.jpg 300w, https:\/\/agora.xtec.cat\/iesesteveterradas\/wp-content\/uploads\/usu855\/GNIoripXgAAkPFO-768x576.jpg 768w, https:\/\/agora.xtec.cat\/iesesteveterradas\/wp-content\/uploads\/usu855\/GNIoripXgAAkPFO-1536x1152.jpg 1536w, https:\/\/agora.xtec.cat\/iesesteveterradas\/wp-content\/uploads\/usu855\/GNIoripXgAAkPFO-2048x1536.jpg 2048w, https:\/\/agora.xtec.cat\/iesesteveterradas\/wp-content\/uploads\/usu855\/GNIoripXgAAkPFO-200x150.jpg 200w\" sizes=\"auto, (max-width: 382px) 100vw, 382px\" \/><\/td>\n<td style=\"width: 50%;\"><img loading=\"lazy\" decoding=\"async\" class=\"wp-image-15488 aligncenter\" src=\"https:\/\/agora.xtec.cat\/iesesteveterradas\/wp-content\/uploads\/usu855\/img_20240508_171625.webp\" alt=\"\" width=\"382\" height=\"286\" srcset=\"https:\/\/agora.xtec.cat\/iesesteveterradas\/wp-content\/uploads\/usu855\/img_20240508_171625.webp 667w, https:\/\/agora.xtec.cat\/iesesteveterradas\/wp-content\/uploads\/usu855\/img_20240508_171625-300x225.webp 300w, https:\/\/agora.xtec.cat\/iesesteveterradas\/wp-content\/uploads\/usu855\/img_20240508_171625-200x150.webp 200w\" sizes=\"auto, (max-width: 382px) 100vw, 382px\" \/><\/td>\n<\/tr>\n<\/tbody>\n<\/table>\n<p>&nbsp;<\/p>\n","protected":false},"excerpt":{"rendered":"<p>El projecte de Realitat Virtual que hem estrenat aquesta setmana, Tintin60CAT,\u00a0 ha sigut protagonista del programa Cornell\u00e0 Not\u00edcies del dijous 9 de maig.&hellip;  <a href=\"https:\/\/agora.xtec.cat\/iesesteveterradas\/general\/tintin60cat-als-estudis-de-radio-cornella\/\" title=\"Read Tintin60CAT als estudis de R\u00e0dio Cornell\u00e0\">Llegeix m\u00e9s\u00bb<\/a><\/p>\n","protected":false},"author":14,"featured_media":15489,"comment_status":"closed","ping_status":"closed","sticky":false,"template":"","format":"standard","meta":{"_bbp_topic_count":0,"_bbp_reply_count":0,"_bbp_total_topic_count":0,"_bbp_total_reply_count":0,"_bbp_voice_count":0,"_bbp_anonymous_reply_count":0,"_bbp_topic_count_hidden":0,"_bbp_reply_count_hidden":0,"_bbp_forum_subforum_count":0,"footnotes":""},"categories":[113,30,147,1,109,159,29,368],"tags":[],"class_list":["post-15487","post","type-post","status-publish","format-standard","has-post-thumbnail","hentry","category-administracio_empreses","category-cicles-formatius","category-coordinacions","category-general","category-informatica","category-innovacio","category-portada","category-portada-ca"],"post_mailing_queue_ids":[],"_links":{"self":[{"href":"https:\/\/agora.xtec.cat\/iesesteveterradas\/wp-json\/wp\/v2\/posts\/15487","targetHints":{"allow":["GET"]}}],"collection":[{"href":"https:\/\/agora.xtec.cat\/iesesteveterradas\/wp-json\/wp\/v2\/posts"}],"about":[{"href":"https:\/\/agora.xtec.cat\/iesesteveterradas\/wp-json\/wp\/v2\/types\/post"}],"author":[{"embeddable":true,"href":"https:\/\/agora.xtec.cat\/iesesteveterradas\/wp-json\/wp\/v2\/users\/14"}],"replies":[{"embeddable":true,"href":"https:\/\/agora.xtec.cat\/iesesteveterradas\/wp-json\/wp\/v2\/comments?post=15487"}],"version-history":[{"count":6,"href":"https:\/\/agora.xtec.cat\/iesesteveterradas\/wp-json\/wp\/v2\/posts\/15487\/revisions"}],"predecessor-version":[{"id":15650,"href":"https:\/\/agora.xtec.cat\/iesesteveterradas\/wp-json\/wp\/v2\/posts\/15487\/revisions\/15650"}],"wp:featuredmedia":[{"embeddable":true,"href":"https:\/\/agora.xtec.cat\/iesesteveterradas\/wp-json\/wp\/v2\/media\/15489"}],"wp:attachment":[{"href":"https:\/\/agora.xtec.cat\/iesesteveterradas\/wp-json\/wp\/v2\/media?parent=15487"}],"wp:term":[{"taxonomy":"category","embeddable":true,"href":"https:\/\/agora.xtec.cat\/iesesteveterradas\/wp-json\/wp\/v2\/categories?post=15487"},{"taxonomy":"post_tag","embeddable":true,"href":"https:\/\/agora.xtec.cat\/iesesteveterradas\/wp-json\/wp\/v2\/tags?post=15487"}],"curies":[{"name":"wp","href":"https:\/\/api.w.org\/{rel}","templated":true}]}}