{"id":15457,"date":"2024-05-08T13:09:56","date_gmt":"2024-05-08T11:09:56","guid":{"rendered":"https:\/\/agora.xtec.cat\/iesesteveterradas\/?p=15457"},"modified":"2024-06-18T10:29:01","modified_gmt":"2024-06-18T08:29:01","slug":"el-capita-haddock-visita-lesteve","status":"publish","type":"post","link":"https:\/\/agora.xtec.cat\/iesesteveterradas\/general\/el-capita-haddock-visita-lesteve\/","title":{"rendered":"El Capit\u00e0 Haddock visita l&#8217;Esteve"},"content":{"rendered":"<p>El Capit\u00e0 Haddock passar\u00e0 una setmana amb tots nosaltres amb motiu de la inauguraci\u00f3 del museu VR Tintin60CAT. Des del dimarts 7 fins al dimecres 15 de maig, a la porta principal del nostre centre, trobareu estacionat un espectacular vehicle del 1964, el llegendari hippie franc\u00e8s &#8220;2CV&#8221; o &#8220;Deux Chevaux&#8221; (conegut com &#8220;\u00e0nec&#8221; o &#8220;cabra&#8221; a diversos pa\u00efsos europeus), protagonista en el llibre <em>Les Joies de la Castafiore<\/em>, de les aventures de Tintin.<\/p>\n<p>Malgrat tota l&#8217;alta tecnologia que s&#8217;ha incorporat als cotxes des d&#8217;aleshores, el 2CV de 1960 encara \u00e9s m\u00e9s eficient energ\u00e8ticament que el model m\u00e9s petit del dissenyador d&#8217;autom\u00f2bils franc\u00e8s actual, el Citroen C1.<\/p>\n<p>Benvingut capit\u00e0!<\/p>\n<p>&nbsp;<\/p>\n<table style=\"border-collapse: collapse; width: 100%;\">\n<tbody>\n<tr>\n<td style=\"width: 50%;\"><img loading=\"lazy\" decoding=\"async\" class=\"wp-image-15458 aligncenter\" src=\"https:\/\/agora.xtec.cat\/iesesteveterradas\/wp-content\/uploads\/usu855\/GM5xmhmXQAAFmaF-1024x1024.jpg\" alt=\"\" width=\"403\" height=\"403\" srcset=\"https:\/\/agora.xtec.cat\/iesesteveterradas\/wp-content\/uploads\/usu855\/GM5xmhmXQAAFmaF-1024x1024.jpg 1024w, https:\/\/agora.xtec.cat\/iesesteveterradas\/wp-content\/uploads\/usu855\/GM5xmhmXQAAFmaF-300x300.jpg 300w, https:\/\/agora.xtec.cat\/iesesteveterradas\/wp-content\/uploads\/usu855\/GM5xmhmXQAAFmaF-150x150.jpg 150w, https:\/\/agora.xtec.cat\/iesesteveterradas\/wp-content\/uploads\/usu855\/GM5xmhmXQAAFmaF-768x768.jpg 768w, https:\/\/agora.xtec.cat\/iesesteveterradas\/wp-content\/uploads\/usu855\/GM5xmhmXQAAFmaF-1536x1536.jpg 1536w, https:\/\/agora.xtec.cat\/iesesteveterradas\/wp-content\/uploads\/usu855\/GM5xmhmXQAAFmaF.jpg 2048w\" sizes=\"auto, (max-width: 403px) 100vw, 403px\" \/><\/td>\n<td style=\"width: 50%;\"><img loading=\"lazy\" decoding=\"async\" class=\"alignnone wp-image-15459\" src=\"https:\/\/agora.xtec.cat\/iesesteveterradas\/wp-content\/uploads\/usu855\/813_001-1024x736.jpg\" alt=\"\" width=\"561\" height=\"404\" srcset=\"https:\/\/agora.xtec.cat\/iesesteveterradas\/wp-content\/uploads\/usu855\/813_001-1024x736.jpg 1024w, https:\/\/agora.xtec.cat\/iesesteveterradas\/wp-content\/uploads\/usu855\/813_001-300x215.jpg 300w, https:\/\/agora.xtec.cat\/iesesteveterradas\/wp-content\/uploads\/usu855\/813_001-768x552.jpg 768w, https:\/\/agora.xtec.cat\/iesesteveterradas\/wp-content\/uploads\/usu855\/813_001-1536x1103.jpg 1536w, https:\/\/agora.xtec.cat\/iesesteveterradas\/wp-content\/uploads\/usu855\/813_001.jpg 1576w\" sizes=\"auto, (max-width: 561px) 100vw, 561px\" \/><\/td>\n<\/tr>\n<\/tbody>\n<\/table>\n<p>&nbsp;<\/p>\n","protected":false},"excerpt":{"rendered":"<p>El Capit\u00e0 Haddock passar\u00e0 una setmana amb tots nosaltres amb motiu de la inauguraci\u00f3 del museu VR Tintin60CAT.&hellip;  <a href=\"https:\/\/agora.xtec.cat\/iesesteveterradas\/general\/el-capita-haddock-visita-lesteve\/\" title=\"Read El Capit\u00e0 Haddock visita l&#8217;Esteve\">Llegeix m\u00e9s\u00bb<\/a><\/p>\n","protected":false},"author":14,"featured_media":15458,"comment_status":"closed","ping_status":"closed","sticky":false,"template":"","format":"standard","meta":{"_bbp_topic_count":0,"_bbp_reply_count":0,"_bbp_total_topic_count":0,"_bbp_total_reply_count":0,"_bbp_voice_count":0,"_bbp_anonymous_reply_count":0,"_bbp_topic_count_hidden":0,"_bbp_reply_count_hidden":0,"_bbp_forum_subforum_count":0,"footnotes":""},"categories":[113,30,120,147,1,159,29,368],"tags":[],"class_list":["post-15457","post","type-post","status-publish","format-standard","has-post-thumbnail","hentry","category-administracio_empreses","category-cicles-formatius","category-coordinacio_fp","category-coordinacions","category-general","category-innovacio","category-portada","category-portada-ca"],"post_mailing_queue_ids":[],"_links":{"self":[{"href":"https:\/\/agora.xtec.cat\/iesesteveterradas\/wp-json\/wp\/v2\/posts\/15457","targetHints":{"allow":["GET"]}}],"collection":[{"href":"https:\/\/agora.xtec.cat\/iesesteveterradas\/wp-json\/wp\/v2\/posts"}],"about":[{"href":"https:\/\/agora.xtec.cat\/iesesteveterradas\/wp-json\/wp\/v2\/types\/post"}],"author":[{"embeddable":true,"href":"https:\/\/agora.xtec.cat\/iesesteveterradas\/wp-json\/wp\/v2\/users\/14"}],"replies":[{"embeddable":true,"href":"https:\/\/agora.xtec.cat\/iesesteveterradas\/wp-json\/wp\/v2\/comments?post=15457"}],"version-history":[{"count":4,"href":"https:\/\/agora.xtec.cat\/iesesteveterradas\/wp-json\/wp\/v2\/posts\/15457\/revisions"}],"predecessor-version":[{"id":15645,"href":"https:\/\/agora.xtec.cat\/iesesteveterradas\/wp-json\/wp\/v2\/posts\/15457\/revisions\/15645"}],"wp:featuredmedia":[{"embeddable":true,"href":"https:\/\/agora.xtec.cat\/iesesteveterradas\/wp-json\/wp\/v2\/media\/15458"}],"wp:attachment":[{"href":"https:\/\/agora.xtec.cat\/iesesteveterradas\/wp-json\/wp\/v2\/media?parent=15457"}],"wp:term":[{"taxonomy":"category","embeddable":true,"href":"https:\/\/agora.xtec.cat\/iesesteveterradas\/wp-json\/wp\/v2\/categories?post=15457"},{"taxonomy":"post_tag","embeddable":true,"href":"https:\/\/agora.xtec.cat\/iesesteveterradas\/wp-json\/wp\/v2\/tags?post=15457"}],"curies":[{"name":"wp","href":"https:\/\/api.w.org\/{rel}","templated":true}]}}