{"id":15406,"date":"2024-04-26T20:44:53","date_gmt":"2024-04-26T18:44:53","guid":{"rendered":"https:\/\/agora.xtec.cat\/iesesteveterradas\/?p=15406"},"modified":"2024-05-03T08:23:58","modified_gmt":"2024-05-03T06:23:58","slug":"1r-maker-showcase-dempreses-simulades","status":"publish","type":"post","link":"https:\/\/agora.xtec.cat\/iesesteveterradas\/general\/1r-maker-showcase-dempreses-simulades\/","title":{"rendered":"1r MAKER SHOWCASE d&#8217;empreses simulades"},"content":{"rendered":"<p>El passat divendres 26 d&#8217;abril un total de 265 alumnes d&#8217;arreu de Catalunya van participar en el 1r MAKER SHOWCASE d&#8217;empreses simulades.<\/p>\n<p>Tot el personal comercial de les 16 empreses instal\u00b7lades, de 6 instituts catalans, va mostrar els seus productes \u00fanics i innovadors, mentre compraven les creacions dels altres. A m\u00e9s, els equips humans de les diferents companyies van involucrar-se activament en diverses activitats l\u00fadiques, en les quals van poder guanyar cupons de descompte per a futures adquisicions. La creativitat i el comprom\u00eds del col\u00b7lectiu d&#8217;estudiants va ser el punt \u00e0lgid d&#8217;aquesta vibrant festa de l&#8217;emprenedoria celebrada per primera vegada al pati del nostre institut i retransmesa pel canal d&#8217;streaming The IETI Show.<\/p>\n<p>L&#8217;esdeveniment fou un \u00e8xit rotund, reunint talent jove en un ambient de col\u00b7laboraci\u00f3 i competici\u00f3 saludable.<\/p>\n<p><img loading=\"lazy\" decoding=\"async\" class=\"alignnone wp-image-15407\" src=\"https:\/\/agora.xtec.cat\/iesesteveterradas\/wp-content\/uploads\/usu855\/1-13-1024x768.jpg\" alt=\"\" width=\"294\" height=\"221\" srcset=\"https:\/\/agora.xtec.cat\/iesesteveterradas\/wp-content\/uploads\/usu855\/1-13-1024x768.jpg 1024w, https:\/\/agora.xtec.cat\/iesesteveterradas\/wp-content\/uploads\/usu855\/1-13-300x225.jpg 300w, https:\/\/agora.xtec.cat\/iesesteveterradas\/wp-content\/uploads\/usu855\/1-13-768x576.jpg 768w, https:\/\/agora.xtec.cat\/iesesteveterradas\/wp-content\/uploads\/usu855\/1-13-1536x1152.jpg 1536w, https:\/\/agora.xtec.cat\/iesesteveterradas\/wp-content\/uploads\/usu855\/1-13-200x150.jpg 200w, https:\/\/agora.xtec.cat\/iesesteveterradas\/wp-content\/uploads\/usu855\/1-13.jpg 2048w\" sizes=\"auto, (max-width: 294px) 100vw, 294px\" \/> <img loading=\"lazy\" decoding=\"async\" class=\"alignnone wp-image-15411\" src=\"https:\/\/agora.xtec.cat\/iesesteveterradas\/wp-content\/uploads\/usu855\/5-2-1024x768.jpg\" alt=\"\" width=\"292\" height=\"219\" srcset=\"https:\/\/agora.xtec.cat\/iesesteveterradas\/wp-content\/uploads\/usu855\/5-2-1024x768.jpg 1024w, https:\/\/agora.xtec.cat\/iesesteveterradas\/wp-content\/uploads\/usu855\/5-2-300x225.jpg 300w, https:\/\/agora.xtec.cat\/iesesteveterradas\/wp-content\/uploads\/usu855\/5-2-768x576.jpg 768w, https:\/\/agora.xtec.cat\/iesesteveterradas\/wp-content\/uploads\/usu855\/5-2-1536x1152.jpg 1536w, https:\/\/agora.xtec.cat\/iesesteveterradas\/wp-content\/uploads\/usu855\/5-2-200x150.jpg 200w, https:\/\/agora.xtec.cat\/iesesteveterradas\/wp-content\/uploads\/usu855\/5-2.jpg 2048w\" sizes=\"auto, (max-width: 292px) 100vw, 292px\" \/> <img loading=\"lazy\" decoding=\"async\" class=\"alignnone wp-image-15412\" src=\"https:\/\/agora.xtec.cat\/iesesteveterradas\/wp-content\/uploads\/usu855\/6-1024x576.jpg\" alt=\"\" width=\"384\" height=\"216\" srcset=\"https:\/\/agora.xtec.cat\/iesesteveterradas\/wp-content\/uploads\/usu855\/6-1024x576.jpg 1024w, https:\/\/agora.xtec.cat\/iesesteveterradas\/wp-content\/uploads\/usu855\/6-300x169.jpg 300w, https:\/\/agora.xtec.cat\/iesesteveterradas\/wp-content\/uploads\/usu855\/6-768x432.jpg 768w, https:\/\/agora.xtec.cat\/iesesteveterradas\/wp-content\/uploads\/usu855\/6-1536x864.jpg 1536w, https:\/\/agora.xtec.cat\/iesesteveterradas\/wp-content\/uploads\/usu855\/6.jpg 2000w\" sizes=\"auto, (max-width: 384px) 100vw, 384px\" \/><\/p>\n","protected":false},"excerpt":{"rendered":"<p>El passat divendres 26 d&#8217;abril un total de 265 alumnes d&#8217;arreu de Catalunya van participar en el 1r MAKER SHOWCASE d&#8217;empreses simulades.<br \/>\nTot el personal comercial de les 16 empreses instal\u00b7lades, de 6 instituts catalans, va mostrar els seus productes \u00fanics i innovadors, mentre compraven les&hellip;  <a href=\"https:\/\/agora.xtec.cat\/iesesteveterradas\/general\/1r-maker-showcase-dempreses-simulades\/\" title=\"Read 1r MAKER SHOWCASE d&#8217;empreses simulades\">Llegeix m\u00e9s\u00bb<\/a><\/p>\n","protected":false},"author":14,"featured_media":15412,"comment_status":"closed","ping_status":"closed","sticky":false,"template":"","format":"standard","meta":{"_bbp_topic_count":0,"_bbp_reply_count":0,"_bbp_total_topic_count":0,"_bbp_total_reply_count":0,"_bbp_voice_count":0,"_bbp_anonymous_reply_count":0,"_bbp_topic_count_hidden":0,"_bbp_reply_count_hidden":0,"_bbp_forum_subforum_count":0,"footnotes":""},"categories":[113,30,147,151,1,159,29,368],"tags":[],"class_list":["post-15406","post","type-post","status-publish","format-standard","has-post-thumbnail","hentry","category-administracio_empreses","category-cicles-formatius","category-coordinacions","category-emprenedoria","category-general","category-innovacio","category-portada","category-portada-ca"],"post_mailing_queue_ids":[],"_links":{"self":[{"href":"https:\/\/agora.xtec.cat\/iesesteveterradas\/wp-json\/wp\/v2\/posts\/15406","targetHints":{"allow":["GET"]}}],"collection":[{"href":"https:\/\/agora.xtec.cat\/iesesteveterradas\/wp-json\/wp\/v2\/posts"}],"about":[{"href":"https:\/\/agora.xtec.cat\/iesesteveterradas\/wp-json\/wp\/v2\/types\/post"}],"author":[{"embeddable":true,"href":"https:\/\/agora.xtec.cat\/iesesteveterradas\/wp-json\/wp\/v2\/users\/14"}],"replies":[{"embeddable":true,"href":"https:\/\/agora.xtec.cat\/iesesteveterradas\/wp-json\/wp\/v2\/comments?post=15406"}],"version-history":[{"count":6,"href":"https:\/\/agora.xtec.cat\/iesesteveterradas\/wp-json\/wp\/v2\/posts\/15406\/revisions"}],"predecessor-version":[{"id":15451,"href":"https:\/\/agora.xtec.cat\/iesesteveterradas\/wp-json\/wp\/v2\/posts\/15406\/revisions\/15451"}],"wp:featuredmedia":[{"embeddable":true,"href":"https:\/\/agora.xtec.cat\/iesesteveterradas\/wp-json\/wp\/v2\/media\/15412"}],"wp:attachment":[{"href":"https:\/\/agora.xtec.cat\/iesesteveterradas\/wp-json\/wp\/v2\/media?parent=15406"}],"wp:term":[{"taxonomy":"category","embeddable":true,"href":"https:\/\/agora.xtec.cat\/iesesteveterradas\/wp-json\/wp\/v2\/categories?post=15406"},{"taxonomy":"post_tag","embeddable":true,"href":"https:\/\/agora.xtec.cat\/iesesteveterradas\/wp-json\/wp\/v2\/tags?post=15406"}],"curies":[{"name":"wp","href":"https:\/\/api.w.org\/{rel}","templated":true}]}}