{"id":15348,"date":"2024-04-25T20:47:11","date_gmt":"2024-04-25T18:47:11","guid":{"rendered":"https:\/\/agora.xtec.cat\/iesesteveterradas\/?p=15348"},"modified":"2024-05-03T08:29:54","modified_gmt":"2024-05-03T06:29:54","slug":"connexio-holografica-en-directe-per-tv","status":"publish","type":"post","link":"https:\/\/agora.xtec.cat\/iesesteveterradas\/general\/connexio-holografica-en-directe-per-tv\/","title":{"rendered":"Connexi\u00f3 hologr\u00e0fica en directe per TV"},"content":{"rendered":"<p>Estem arribant al final del curs i els projectes encaren la darrera fase: l&#8217;entrega.<\/p>\n<p>El projecte Holopix est\u00e0 despertant un gran inter\u00e8s tamb\u00e9 fora de les aules. Tant \u00e9s aix\u00ed, que al principi del mes d&#8217;abril &#8220;ETV Terramar&#8221; va venir a fer un reportatge de la comunicaci\u00f3 hologr\u00e0fica proposada per l&#8217;alumnat.<\/p>\n<table style=\"border-collapse: collapse; width: 100%;\">\n<tbody>\n<tr>\n<td style=\"width: 50%;\"><img loading=\"lazy\" decoding=\"async\" class=\"size-full wp-image-15349 alignright\" src=\"https:\/\/agora.xtec.cat\/iesesteveterradas\/wp-content\/uploads\/usu855\/foto2-2.jpg\" alt=\"\" width=\"680\" height=\"382\" srcset=\"https:\/\/agora.xtec.cat\/iesesteveterradas\/wp-content\/uploads\/usu855\/foto2-2.jpg 680w, https:\/\/agora.xtec.cat\/iesesteveterradas\/wp-content\/uploads\/usu855\/foto2-2-300x169.jpg 300w\" sizes=\"auto, (max-width: 680px) 100vw, 680px\" \/><\/td>\n<td style=\"width: 50%;\"><img loading=\"lazy\" decoding=\"async\" class=\"wp-image-15350 alignleft\" src=\"https:\/\/agora.xtec.cat\/iesesteveterradas\/wp-content\/uploads\/usu855\/holograma.png\" alt=\"\" width=\"341\" height=\"376\" srcset=\"https:\/\/agora.xtec.cat\/iesesteveterradas\/wp-content\/uploads\/usu855\/holograma.png 448w, https:\/\/agora.xtec.cat\/iesesteveterradas\/wp-content\/uploads\/usu855\/holograma-272x300.png 272w\" sizes=\"auto, (max-width: 341px) 100vw, 341px\" \/><\/td>\n<\/tr>\n<\/tbody>\n<\/table>\n<p>Aquest projecte no nom\u00e9s aprofita la tecnologia hologr\u00e0fica existent per crear nou contingut hologr\u00e0fic, sin\u00f3 que ha innovat i ha estat pioner en permetre una comunicaci\u00f3 hologr\u00e0fica en temps real. \u00c9s a dir, com una videotrucada, per\u00f2 amb la il\u00b7lusi\u00f3 \u00f2ptica que la persona est\u00e0 just al teu davant, sense la necessitat de col\u00b7locar-se cap mena d&#8217;ulleres. El projecte persegueix l&#8217;objectiu d&#8217;apropar aquesta nova manera de comunicar-se a tots els usuaris i fer-la accessible sense la necessitat de gastar grans quantitats de diners.<\/p>\n<p>El 18 d&#8217;abril ha tornat la televisi\u00f3, en aquest cas, el programa &#8220;<a href=\"https:\/\/www.laxarxa.cat\/programa\/fet-a-mida\/capitol\/capitol-603-18-04-2024\">Fet a Mida<\/a>&#8221; de &#8220;La Xarxa&#8221; per connectar en directe i parlar amb un holograma en temps real.<\/p>\n<table style=\"border-collapse: collapse; width: 96.1456%; height: 625px;\">\n<tbody>\n<tr>\n<td style=\"width: 100%;\"><iframe loading=\"lazy\" title=\"Entrevista en directe del programa Fet a Mida al projecte Holopix\" width=\"500\" height=\"281\" src=\"https:\/\/www.youtube.com\/embed\/esmCU4evGSE?feature=oembed\" frameborder=\"0\" allow=\"accelerometer; autoplay; clipboard-write; encrypted-media; gyroscope; picture-in-picture; web-share\" referrerpolicy=\"strict-origin-when-cross-origin\" allowfullscreen><\/iframe><\/td>\n<\/tr>\n<\/tbody>\n<\/table>\n<p>En aquesta connexi\u00f3, Ana Cuesta ha estat l&#8217;alumna que ha representat els grups impulsors del projecte (ADS2, ADS4 i DAS2), i Gerard Garcia ha representat els 3 tutors del projecte Holopix (Lluis del Castillo, Rafa Segura i Gerard).<\/p>\n<p>Tamb\u00e9 es mencionen els instituts col\u00b7laboradors (IFP Alguer\u00f3 i Institut Proven\u00e7ana) i el Citilab.<\/p>\n","protected":false},"excerpt":{"rendered":"<p>El 18 d&#8217;abril ha tornat la TV, en aquest cas, el programa &#8220;Fet a Mida&#8221; de &#8220;La Xarxa&#8221; per connectar en directe i parlar amb un holograma en temps real.&hellip;  <a href=\"https:\/\/agora.xtec.cat\/iesesteveterradas\/general\/connexio-holografica-en-directe-per-tv\/\" title=\"Read Connexi\u00f3 hologr\u00e0fica en directe per TV\">Llegeix m\u00e9s\u00bb<\/a><\/p>\n","protected":false},"author":14,"featured_media":15351,"comment_status":"closed","ping_status":"closed","sticky":false,"template":"","format":"standard","meta":{"_bbp_topic_count":0,"_bbp_reply_count":0,"_bbp_total_topic_count":0,"_bbp_total_reply_count":0,"_bbp_voice_count":0,"_bbp_anonymous_reply_count":0,"_bbp_topic_count_hidden":0,"_bbp_reply_count_hidden":0,"_bbp_forum_subforum_count":0,"footnotes":""},"categories":[113,30,1,159,29,368],"tags":[584,582,568,586],"class_list":["post-15348","post","type-post","status-publish","format-standard","has-post-thumbnail","hentry","category-administracio_empreses","category-cicles-formatius","category-general","category-innovacio","category-portada","category-portada-ca","tag-hologrames","tag-holopix","tag-innovacio","tag-projectes"],"post_mailing_queue_ids":[],"_links":{"self":[{"href":"https:\/\/agora.xtec.cat\/iesesteveterradas\/wp-json\/wp\/v2\/posts\/15348","targetHints":{"allow":["GET"]}}],"collection":[{"href":"https:\/\/agora.xtec.cat\/iesesteveterradas\/wp-json\/wp\/v2\/posts"}],"about":[{"href":"https:\/\/agora.xtec.cat\/iesesteveterradas\/wp-json\/wp\/v2\/types\/post"}],"author":[{"embeddable":true,"href":"https:\/\/agora.xtec.cat\/iesesteveterradas\/wp-json\/wp\/v2\/users\/14"}],"replies":[{"embeddable":true,"href":"https:\/\/agora.xtec.cat\/iesesteveterradas\/wp-json\/wp\/v2\/comments?post=15348"}],"version-history":[{"count":3,"href":"https:\/\/agora.xtec.cat\/iesesteveterradas\/wp-json\/wp\/v2\/posts\/15348\/revisions"}],"predecessor-version":[{"id":15402,"href":"https:\/\/agora.xtec.cat\/iesesteveterradas\/wp-json\/wp\/v2\/posts\/15348\/revisions\/15402"}],"wp:featuredmedia":[{"embeddable":true,"href":"https:\/\/agora.xtec.cat\/iesesteveterradas\/wp-json\/wp\/v2\/media\/15351"}],"wp:attachment":[{"href":"https:\/\/agora.xtec.cat\/iesesteveterradas\/wp-json\/wp\/v2\/media?parent=15348"}],"wp:term":[{"taxonomy":"category","embeddable":true,"href":"https:\/\/agora.xtec.cat\/iesesteveterradas\/wp-json\/wp\/v2\/categories?post=15348"},{"taxonomy":"post_tag","embeddable":true,"href":"https:\/\/agora.xtec.cat\/iesesteveterradas\/wp-json\/wp\/v2\/tags?post=15348"}],"curies":[{"name":"wp","href":"https:\/\/api.w.org\/{rel}","templated":true}]}}