{"id":15334,"date":"2024-04-25T20:43:29","date_gmt":"2024-04-25T18:43:29","guid":{"rendered":"https:\/\/agora.xtec.cat\/iesesteveterradas\/?p=15334"},"modified":"2024-05-03T08:41:10","modified_gmt":"2024-05-03T06:41:10","slug":"mascar-crea-un-tour-virtual-de-linstitut","status":"publish","type":"post","link":"https:\/\/agora.xtec.cat\/iesesteveterradas\/general\/mascar-crea-un-tour-virtual-de-linstitut\/","title":{"rendered":"Mascar crea un Tour Virtual de l&#8217;Institut"},"content":{"rendered":"<p>&#8220;Necessitem crear alguna cosa que ens apropi al p\u00fablic des del sof\u00e0 de casa seva&#8221;. D&#8217;aquesta manera va comen\u00e7ar a gestar-se la idea de l&#8217;alumnat d&#8217;Administratiu, que ha culminat en la creaci\u00f3 d&#8217;un tour virtual del departament.<\/p>\n<table style=\"border-collapse: collapse; width: 100%;\">\n<tbody>\n<tr>\n<td style=\"width: 50%;\">\u00a0<img loading=\"lazy\" decoding=\"async\" class=\"wp-image-15336 alignright\" src=\"https:\/\/agora.xtec.cat\/iesesteveterradas\/wp-content\/uploads\/usu855\/03.png\" alt=\"\" width=\"558\" height=\"374\" srcset=\"https:\/\/agora.xtec.cat\/iesesteveterradas\/wp-content\/uploads\/usu855\/03.png 938w, https:\/\/agora.xtec.cat\/iesesteveterradas\/wp-content\/uploads\/usu855\/03-300x201.png 300w, https:\/\/agora.xtec.cat\/iesesteveterradas\/wp-content\/uploads\/usu855\/03-768x514.png 768w\" sizes=\"auto, (max-width: 558px) 100vw, 558px\" \/><\/td>\n<td style=\"width: 50%;\"><img loading=\"lazy\" decoding=\"async\" class=\"size-large wp-image-15335 alignleft\" src=\"https:\/\/agora.xtec.cat\/iesesteveterradas\/wp-content\/uploads\/usu855\/04-1024x564.png\" alt=\"\" width=\"1024\" height=\"564\" srcset=\"https:\/\/agora.xtec.cat\/iesesteveterradas\/wp-content\/uploads\/usu855\/04-1024x564.png 1024w, https:\/\/agora.xtec.cat\/iesesteveterradas\/wp-content\/uploads\/usu855\/04-300x165.png 300w, https:\/\/agora.xtec.cat\/iesesteveterradas\/wp-content\/uploads\/usu855\/04-768x423.png 768w, https:\/\/agora.xtec.cat\/iesesteveterradas\/wp-content\/uploads\/usu855\/04.png 1239w\" sizes=\"auto, (max-width: 1024px) 100vw, 1024px\" \/><\/td>\n<\/tr>\n<\/tbody>\n<\/table>\n<p>Al m\u00f2dul projecte s&#8217;ha simulat la creaci\u00f3 d&#8217;una empresa que es dedica a crear Tours virtuals per a altres empreses i administracions, amb la finalitat d&#8217;apropar el seu p\u00fablic a les empreses que contractin el servei.<\/p>\n<table style=\"border-collapse: collapse; width: 92.0057%; height: 271px;\">\n<tbody>\n<tr>\n<td style=\"width: 100%;\"><iframe loading=\"lazy\" title=\"Mascar Tour Virtual\" width=\"500\" height=\"281\" src=\"https:\/\/www.youtube.com\/embed\/7x3dDaXU7ZM?feature=oembed\" frameborder=\"0\" allow=\"accelerometer; autoplay; clipboard-write; encrypted-media; gyroscope; picture-in-picture; web-share\" referrerpolicy=\"strict-origin-when-cross-origin\" allowfullscreen><\/iframe><\/td>\n<\/tr>\n<\/tbody>\n<\/table>\n<p>Aquest fet permet que el client que vulgui contractar un servei, abans pugui veure les instal\u00b7lacions, el lloc on vulgui desenvolupar un esdeveniment, o simplement veure quins llocs destacables t\u00e9 aquesta empresa abans de visitar-la en persona.<\/p>\n<table style=\"border-collapse: collapse; width: 100%;\">\n<tbody>\n<tr>\n<td style=\"width: 50%;\">\u00a0<img loading=\"lazy\" decoding=\"async\" class=\"size-large wp-image-15338 alignright\" src=\"https:\/\/agora.xtec.cat\/iesesteveterradas\/wp-content\/uploads\/usu855\/02-1024x600.png\" alt=\"\" width=\"1024\" height=\"600\" srcset=\"https:\/\/agora.xtec.cat\/iesesteveterradas\/wp-content\/uploads\/usu855\/02-1024x600.png 1024w, https:\/\/agora.xtec.cat\/iesesteveterradas\/wp-content\/uploads\/usu855\/02-300x176.png 300w, https:\/\/agora.xtec.cat\/iesesteveterradas\/wp-content\/uploads\/usu855\/02-768x450.png 768w, https:\/\/agora.xtec.cat\/iesesteveterradas\/wp-content\/uploads\/usu855\/02.png 1323w\" sizes=\"auto, (max-width: 1024px) 100vw, 1024px\" \/><\/td>\n<td style=\"width: 50%;\"><img loading=\"lazy\" decoding=\"async\" class=\"wp-image-15337 alignleft\" src=\"https:\/\/agora.xtec.cat\/iesesteveterradas\/wp-content\/uploads\/usu855\/01-1024x638.png\" alt=\"\" width=\"618\" height=\"385\" srcset=\"https:\/\/agora.xtec.cat\/iesesteveterradas\/wp-content\/uploads\/usu855\/01-1024x638.png 1024w, https:\/\/agora.xtec.cat\/iesesteveterradas\/wp-content\/uploads\/usu855\/01-300x187.png 300w, https:\/\/agora.xtec.cat\/iesesteveterradas\/wp-content\/uploads\/usu855\/01-768x478.png 768w, https:\/\/agora.xtec.cat\/iesesteveterradas\/wp-content\/uploads\/usu855\/01.png 1145w\" sizes=\"auto, (max-width: 618px) 100vw, 618px\" \/><\/td>\n<\/tr>\n<\/tbody>\n<\/table>\n<p>Incloure les possibilitats que ens donen les noves tecnologies en els projectes del nostre alumnat \u00e9s una de les principals caracter\u00edstiques que estem desenvolupant, aix\u00ed com crear un projecte real que podr\u00edem portar a terme com a idea de negoci. Aprofitant que cada vegada m\u00e9s les empreses dediquen una part dels seus recursos a donar-se a con\u00e8ixer, tenir acc\u00e9s a un tour virtual en el seu espai web pot ser un factor diferencial que doni un plus davant la compet\u00e8ncia.<\/p>\n<p>Molt aviat el nostre projecte es completar\u00e0 i podreu veure el nostre departament mitjan\u00e7ant una visita virtual.<\/p>\n","protected":false},"excerpt":{"rendered":"<p>Al m\u00f2dul projecte s&#8217;ha simulat la creaci\u00f3 d&#8217;una empresa que es dedica a crear Tours virtuals per a altres empreses i administracions amb la finalitat d&#8217;apropar al seu p\u00fablic a les empreses que contractin el servei.&hellip;  <a href=\"https:\/\/agora.xtec.cat\/iesesteveterradas\/general\/mascar-crea-un-tour-virtual-de-linstitut\/\" title=\"Read Mascar crea un Tour Virtual de l&#8217;Institut\">Llegeix m\u00e9s\u00bb<\/a><\/p>\n","protected":false},"author":14,"featured_media":15336,"comment_status":"closed","ping_status":"closed","sticky":false,"template":"","format":"standard","meta":{"_bbp_topic_count":0,"_bbp_reply_count":0,"_bbp_total_topic_count":0,"_bbp_total_reply_count":0,"_bbp_voice_count":0,"_bbp_anonymous_reply_count":0,"_bbp_topic_count_hidden":0,"_bbp_reply_count_hidden":0,"_bbp_forum_subforum_count":0,"footnotes":""},"categories":[113,30,1,159,29,368],"tags":[622,568,624,626,586,618,620,492],"class_list":["post-15334","post","type-post","status-publish","format-standard","has-post-thumbnail","hentry","category-administracio_empreses","category-cicles-formatius","category-general","category-innovacio","category-portada","category-portada-ca","tag-3d","tag-innovacio","tag-mascar","tag-matterport","tag-projectes","tag-tour","tag-virtual","tag-vr"],"post_mailing_queue_ids":[],"_links":{"self":[{"href":"https:\/\/agora.xtec.cat\/iesesteveterradas\/wp-json\/wp\/v2\/posts\/15334","targetHints":{"allow":["GET"]}}],"collection":[{"href":"https:\/\/agora.xtec.cat\/iesesteveterradas\/wp-json\/wp\/v2\/posts"}],"about":[{"href":"https:\/\/agora.xtec.cat\/iesesteveterradas\/wp-json\/wp\/v2\/types\/post"}],"author":[{"embeddable":true,"href":"https:\/\/agora.xtec.cat\/iesesteveterradas\/wp-json\/wp\/v2\/users\/14"}],"replies":[{"embeddable":true,"href":"https:\/\/agora.xtec.cat\/iesesteveterradas\/wp-json\/wp\/v2\/comments?post=15334"}],"version-history":[{"count":6,"href":"https:\/\/agora.xtec.cat\/iesesteveterradas\/wp-json\/wp\/v2\/posts\/15334\/revisions"}],"predecessor-version":[{"id":15454,"href":"https:\/\/agora.xtec.cat\/iesesteveterradas\/wp-json\/wp\/v2\/posts\/15334\/revisions\/15454"}],"wp:featuredmedia":[{"embeddable":true,"href":"https:\/\/agora.xtec.cat\/iesesteveterradas\/wp-json\/wp\/v2\/media\/15336"}],"wp:attachment":[{"href":"https:\/\/agora.xtec.cat\/iesesteveterradas\/wp-json\/wp\/v2\/media?parent=15334"}],"wp:term":[{"taxonomy":"category","embeddable":true,"href":"https:\/\/agora.xtec.cat\/iesesteveterradas\/wp-json\/wp\/v2\/categories?post=15334"},{"taxonomy":"post_tag","embeddable":true,"href":"https:\/\/agora.xtec.cat\/iesesteveterradas\/wp-json\/wp\/v2\/tags?post=15334"}],"curies":[{"name":"wp","href":"https:\/\/api.w.org\/{rel}","templated":true}]}}