{"id":15306,"date":"2024-04-25T20:29:12","date_gmt":"2024-04-25T18:29:12","guid":{"rendered":"https:\/\/agora.xtec.cat\/iesesteveterradas\/?p=15306"},"modified":"2024-04-25T21:48:37","modified_gmt":"2024-04-25T19:48:37","slug":"corner-dedicat-a-tintin-biblioteca-m-carmen-brito","status":"publish","type":"post","link":"https:\/\/agora.xtec.cat\/iesesteveterradas\/general\/corner-dedicat-a-tintin-biblioteca-m-carmen-brito\/","title":{"rendered":"C\u00f3rner dedicat a Tintin &#8211; Biblioteca M. Carmen Brito"},"content":{"rendered":"<p><strong>Iniciem els actes de celebraci\u00f3 del 60\u00e8 aniversari de<\/strong> <strong>Les Aventures de Tintin en catal\u00e0 amb la construcci\u00f3 d&#8217;un c\u00f3rner literari<\/strong> en el qual s&#8217;hi poden trobar les 24 aventures del reporter belga en diferents idiomes (catal\u00e0, castell\u00e0 i angl\u00e8s). Aquest espai est\u00e0 ubicat a la sala ATECA de la biblioteca M.Carmen Brito.<\/p>\n<p><strong>La Diada de Sant Jordi de 1964 va ser testimoni del naixement de les Les joies de la Castafiore, el primer Tint\u00edn tradu\u00eft al catal\u00e0<\/strong>, en una magn\u00edfica versi\u00f3 del terrassenc Joaquim Ventall\u00f3. Des de llavors, la passi\u00f3 tintinaire a casa nostra ha estat molt intensa i els lligams culturals i emocionals de Catalunya amb l\u2019obra d\u2019Herg\u00e9 han estat d\u2019una enorme solidesa<\/p>\n<p><strong>La segona activitat planificada ser\u00e0 l&#8217;estrena de l&#8217;experi\u00e8ncia amb ulleres de Realitat Virtual, Tintin60CAT,<\/strong> en modalitat museu, programada per al proper dimarts 7 de maig. En breu us facilitarem m\u00e9s informaci\u00f3 al voltant de l&#8217;acte. Si voleu, ja est\u00e0 disponible el tr\u00e0iler del museu VR &#8211; <a href=\"https:\/\/www.youtube.com\/watch?v=Y1kxXPb5Z8k\">AQU\u00cd<\/a><\/p>\n<p><img loading=\"lazy\" decoding=\"async\" class=\"alignnone wp-image-15307\" src=\"https:\/\/agora.xtec.cat\/iesesteveterradas\/wp-content\/uploads\/usu855\/imatge-4.png\" alt=\"\" width=\"423\" height=\"193\" srcset=\"https:\/\/agora.xtec.cat\/iesesteveterradas\/wp-content\/uploads\/usu855\/imatge-4.png 673w, https:\/\/agora.xtec.cat\/iesesteveterradas\/wp-content\/uploads\/usu855\/imatge-4-300x137.png 300w\" sizes=\"auto, (max-width: 423px) 100vw, 423px\" \/> <img loading=\"lazy\" decoding=\"async\" class=\"alignnone wp-image-15308\" src=\"https:\/\/agora.xtec.cat\/iesesteveterradas\/wp-content\/uploads\/usu855\/IMG_2724-1024x768.jpeg\" alt=\"\" width=\"283\" height=\"212\" srcset=\"https:\/\/agora.xtec.cat\/iesesteveterradas\/wp-content\/uploads\/usu855\/IMG_2724-1024x768.jpeg 1024w, https:\/\/agora.xtec.cat\/iesesteveterradas\/wp-content\/uploads\/usu855\/IMG_2724-300x225.jpeg 300w, https:\/\/agora.xtec.cat\/iesesteveterradas\/wp-content\/uploads\/usu855\/IMG_2724-768x576.jpeg 768w, https:\/\/agora.xtec.cat\/iesesteveterradas\/wp-content\/uploads\/usu855\/IMG_2724-1536x1152.jpeg 1536w, https:\/\/agora.xtec.cat\/iesesteveterradas\/wp-content\/uploads\/usu855\/IMG_2724-2048x1536.jpeg 2048w, https:\/\/agora.xtec.cat\/iesesteveterradas\/wp-content\/uploads\/usu855\/IMG_2724-200x150.jpeg 200w\" sizes=\"auto, (max-width: 283px) 100vw, 283px\" \/> <img loading=\"lazy\" decoding=\"async\" class=\"alignnone wp-image-15309\" src=\"https:\/\/agora.xtec.cat\/iesesteveterradas\/wp-content\/uploads\/usu855\/lectura.jpg\" alt=\"\" width=\"281\" height=\"212\" srcset=\"https:\/\/agora.xtec.cat\/iesesteveterradas\/wp-content\/uploads\/usu855\/lectura.jpg 534w, https:\/\/agora.xtec.cat\/iesesteveterradas\/wp-content\/uploads\/usu855\/lectura-300x226.jpg 300w, https:\/\/agora.xtec.cat\/iesesteveterradas\/wp-content\/uploads\/usu855\/lectura-200x150.jpg 200w\" sizes=\"auto, (max-width: 281px) 100vw, 281px\" \/><\/p>\n","protected":false},"excerpt":{"rendered":"<p>Iniciem els actes de celebraci\u00f3 del 60\u00e8 aniversari de Les Aventures de Tintin en catal\u00e0 amb la construcci\u00f3 d&#8217;un c\u00f3rner literari en el qual s&#8217;hi poden trobar les 24 aventures del reporter belga en diferents idiomes (catal\u00e0, castell\u00e0 i angl\u00e8s). Aquest espai est\u00e0 ubicat a&hellip;  <a href=\"https:\/\/agora.xtec.cat\/iesesteveterradas\/general\/corner-dedicat-a-tintin-biblioteca-m-carmen-brito\/\" title=\"Read C\u00f3rner dedicat a Tintin &#8211; Biblioteca M. Carmen Brito\">Llegeix m\u00e9s\u00bb<\/a><\/p>\n","protected":false},"author":14,"featured_media":15309,"comment_status":"closed","ping_status":"closed","sticky":false,"template":"","format":"standard","meta":{"_bbp_topic_count":0,"_bbp_reply_count":0,"_bbp_total_topic_count":0,"_bbp_total_reply_count":0,"_bbp_voice_count":0,"_bbp_anonymous_reply_count":0,"_bbp_topic_count_hidden":0,"_bbp_reply_count_hidden":0,"_bbp_forum_subforum_count":0,"footnotes":""},"categories":[113,30,147,1,159,29,368],"tags":[],"class_list":["post-15306","post","type-post","status-publish","format-standard","has-post-thumbnail","hentry","category-administracio_empreses","category-cicles-formatius","category-coordinacions","category-general","category-innovacio","category-portada","category-portada-ca"],"post_mailing_queue_ids":[],"_links":{"self":[{"href":"https:\/\/agora.xtec.cat\/iesesteveterradas\/wp-json\/wp\/v2\/posts\/15306","targetHints":{"allow":["GET"]}}],"collection":[{"href":"https:\/\/agora.xtec.cat\/iesesteveterradas\/wp-json\/wp\/v2\/posts"}],"about":[{"href":"https:\/\/agora.xtec.cat\/iesesteveterradas\/wp-json\/wp\/v2\/types\/post"}],"author":[{"embeddable":true,"href":"https:\/\/agora.xtec.cat\/iesesteveterradas\/wp-json\/wp\/v2\/users\/14"}],"replies":[{"embeddable":true,"href":"https:\/\/agora.xtec.cat\/iesesteveterradas\/wp-json\/wp\/v2\/comments?post=15306"}],"version-history":[{"count":5,"href":"https:\/\/agora.xtec.cat\/iesesteveterradas\/wp-json\/wp\/v2\/posts\/15306\/revisions"}],"predecessor-version":[{"id":15389,"href":"https:\/\/agora.xtec.cat\/iesesteveterradas\/wp-json\/wp\/v2\/posts\/15306\/revisions\/15389"}],"wp:featuredmedia":[{"embeddable":true,"href":"https:\/\/agora.xtec.cat\/iesesteveterradas\/wp-json\/wp\/v2\/media\/15309"}],"wp:attachment":[{"href":"https:\/\/agora.xtec.cat\/iesesteveterradas\/wp-json\/wp\/v2\/media?parent=15306"}],"wp:term":[{"taxonomy":"category","embeddable":true,"href":"https:\/\/agora.xtec.cat\/iesesteveterradas\/wp-json\/wp\/v2\/categories?post=15306"},{"taxonomy":"post_tag","embeddable":true,"href":"https:\/\/agora.xtec.cat\/iesesteveterradas\/wp-json\/wp\/v2\/tags?post=15306"}],"curies":[{"name":"wp","href":"https:\/\/api.w.org\/{rel}","templated":true}]}}