{"id":15194,"date":"2024-03-18T10:23:23","date_gmt":"2024-03-18T09:23:23","guid":{"rendered":"https:\/\/agora.xtec.cat\/iesesteveterradas\/?p=15194"},"modified":"2024-04-09T19:34:59","modified_gmt":"2024-04-09T17:34:59","slug":"mecanics-en-accio-tornen-a-participar-a-la-magic-line","status":"publish","type":"post","link":"https:\/\/agora.xtec.cat\/iesesteveterradas\/general\/mecanics-en-accio-tornen-a-participar-a-la-magic-line\/","title":{"rendered":"MEC\u00c0NICS EN ACCI\u00d3 tornen a participar a la M\u00e0gic Line"},"content":{"rendered":"<p>Un altre any el professorat de Fabricaci\u00f3 Mec\u00e0nica del nostre Institut col\u00b7labora i participa a la Magic Line que realitza Sant Joan de Deu.<\/p>\n<p>Donem les gr\u00e0cies als companys i companyes que any rere any participen en aquesta activitat solid\u00e0ria.<\/p>\n<p><img loading=\"lazy\" decoding=\"async\" class=\"alignleft size-full wp-image-15195\" src=\"https:\/\/agora.xtec.cat\/iesesteveterradas\/wp-content\/uploads\/usu855\/PHOTO-2024-03-17-15-56-45.jpg\" alt=\"\" width=\"640\" height=\"480\" srcset=\"https:\/\/agora.xtec.cat\/iesesteveterradas\/wp-content\/uploads\/usu855\/PHOTO-2024-03-17-15-56-45.jpg 640w, https:\/\/agora.xtec.cat\/iesesteveterradas\/wp-content\/uploads\/usu855\/PHOTO-2024-03-17-15-56-45-300x225.jpg 300w, https:\/\/agora.xtec.cat\/iesesteveterradas\/wp-content\/uploads\/usu855\/PHOTO-2024-03-17-15-56-45-200x150.jpg 200w\" sizes=\"auto, (max-width: 640px) 100vw, 640px\" \/><\/p>\n","protected":false},"excerpt":{"rendered":"<p>Un altre any el professorat de Fabricaci\u00f3 Mec\u00e0nica del nostre Institut col\u00b7labora i participa a la Magic Line que realitza Sant Joan de Deu.<br \/>\nDonem les gr\u00e0cies als companys i companyes que any rere any participen en aquesta activitat solid\u00e0ria.<\/p>\n","protected":false},"author":6,"featured_media":15195,"comment_status":"closed","ping_status":"closed","sticky":false,"template":"","format":"standard","meta":{"_bbp_topic_count":0,"_bbp_reply_count":0,"_bbp_total_topic_count":0,"_bbp_total_reply_count":0,"_bbp_voice_count":0,"_bbp_anonymous_reply_count":0,"_bbp_topic_count_hidden":0,"_bbp_reply_count_hidden":0,"_bbp_forum_subforum_count":0,"footnotes":""},"categories":[30,117,1,29,368],"tags":[],"class_list":["post-15194","post","type-post","status-publish","format-standard","has-post-thumbnail","hentry","category-cicles-formatius","category-fabricacion_mecanica","category-general","category-portada","category-portada-ca"],"post_mailing_queue_ids":[],"_links":{"self":[{"href":"https:\/\/agora.xtec.cat\/iesesteveterradas\/wp-json\/wp\/v2\/posts\/15194","targetHints":{"allow":["GET"]}}],"collection":[{"href":"https:\/\/agora.xtec.cat\/iesesteveterradas\/wp-json\/wp\/v2\/posts"}],"about":[{"href":"https:\/\/agora.xtec.cat\/iesesteveterradas\/wp-json\/wp\/v2\/types\/post"}],"author":[{"embeddable":true,"href":"https:\/\/agora.xtec.cat\/iesesteveterradas\/wp-json\/wp\/v2\/users\/6"}],"replies":[{"embeddable":true,"href":"https:\/\/agora.xtec.cat\/iesesteveterradas\/wp-json\/wp\/v2\/comments?post=15194"}],"version-history":[{"count":3,"href":"https:\/\/agora.xtec.cat\/iesesteveterradas\/wp-json\/wp\/v2\/posts\/15194\/revisions"}],"predecessor-version":[{"id":15239,"href":"https:\/\/agora.xtec.cat\/iesesteveterradas\/wp-json\/wp\/v2\/posts\/15194\/revisions\/15239"}],"wp:featuredmedia":[{"embeddable":true,"href":"https:\/\/agora.xtec.cat\/iesesteveterradas\/wp-json\/wp\/v2\/media\/15195"}],"wp:attachment":[{"href":"https:\/\/agora.xtec.cat\/iesesteveterradas\/wp-json\/wp\/v2\/media?parent=15194"}],"wp:term":[{"taxonomy":"category","embeddable":true,"href":"https:\/\/agora.xtec.cat\/iesesteveterradas\/wp-json\/wp\/v2\/categories?post=15194"},{"taxonomy":"post_tag","embeddable":true,"href":"https:\/\/agora.xtec.cat\/iesesteveterradas\/wp-json\/wp\/v2\/tags?post=15194"}],"curies":[{"name":"wp","href":"https:\/\/api.w.org\/{rel}","templated":true}]}}