{"id":15144,"date":"2024-03-13T20:13:49","date_gmt":"2024-03-13T19:13:49","guid":{"rendered":"https:\/\/agora.xtec.cat\/iesesteveterradas\/?p=15144"},"modified":"2024-03-13T20:25:22","modified_gmt":"2024-03-13T19:25:22","slug":"begudes-dagraiment-fp-i-medicina","status":"publish","type":"post","link":"https:\/\/agora.xtec.cat\/iesesteveterradas\/general\/begudes-dagraiment-fp-i-medicina\/","title":{"rendered":"Begudes d&#8217;agra\u00efment al personal sanitari"},"content":{"rendered":"<p>L&#8217;equip hum\u00e0 del projecte HYDRA940 ha fet un gest emotiu envers els sanitaris de l&#8217;Hospital de Viladecans.<\/p>\n<p>Com a part del seu projecte d&#8217;emprenedoria, l&#8217;alumnat ha lliurat un lot de llaunes mostrant el seu suport incondicional a la tasca heroica dels professionals de la salut. Aquest acte simbolitza el reconeixement profund del grup ADM2 de l&#8217;Esteve cap a la dedicaci\u00f3 i el sacrifici d&#8217;aquest col\u00b7lectiu de persones en la lluita contra les malalties, lleus i greus, que afecten a la ciutadania.<\/p>\n<p>L&#8217;equip de sanitaris, emocionat per la mostra de suport dels estudiants, ha expressat la seva il\u00b7lusi\u00f3 en rebre les llaunes, que els recorda que no estan sols en aquesta missi\u00f3. Aquesta acci\u00f3 de solidaritat refor\u00e7a el vincle entre la comunitat educativa i el personal de salut en moments dif\u00edcils.<\/p>\n<p><img loading=\"lazy\" decoding=\"async\" class=\"alignnone wp-image-15145\" src=\"https:\/\/agora.xtec.cat\/iesesteveterradas\/wp-content\/uploads\/usu855\/Hospital-de-Viladecans-1024x768.jpg\" alt=\"\" width=\"480\" height=\"360\" srcset=\"https:\/\/agora.xtec.cat\/iesesteveterradas\/wp-content\/uploads\/usu855\/Hospital-de-Viladecans-1024x768.jpg 1024w, https:\/\/agora.xtec.cat\/iesesteveterradas\/wp-content\/uploads\/usu855\/Hospital-de-Viladecans-300x225.jpg 300w, https:\/\/agora.xtec.cat\/iesesteveterradas\/wp-content\/uploads\/usu855\/Hospital-de-Viladecans-768x576.jpg 768w, https:\/\/agora.xtec.cat\/iesesteveterradas\/wp-content\/uploads\/usu855\/Hospital-de-Viladecans-1536x1152.jpg 1536w, https:\/\/agora.xtec.cat\/iesesteveterradas\/wp-content\/uploads\/usu855\/Hospital-de-Viladecans-2048x1536.jpg 2048w, https:\/\/agora.xtec.cat\/iesesteveterradas\/wp-content\/uploads\/usu855\/Hospital-de-Viladecans-200x150.jpg 200w\" sizes=\"auto, (max-width: 480px) 100vw, 480px\" \/><\/p>\n","protected":false},"excerpt":{"rendered":"<p>L&#8217;equip hum\u00e0 del projecte HYDRA940 ha fet un gest emotiu envers els sanitaris de l&#8217;Hospital de Viladecans.<br \/>\nCom a part del seu projecte d&#8217;emprenedoria, l&#8217;alumnat ha lliurat un lot de llaunes mostrant el seu suport incondicional a la tasca heroica dels professionals de la salut. Aquest&hellip;  <a href=\"https:\/\/agora.xtec.cat\/iesesteveterradas\/general\/begudes-dagraiment-fp-i-medicina\/\" title=\"Read Begudes d&#8217;agra\u00efment al personal sanitari\">Llegeix m\u00e9s\u00bb<\/a><\/p>\n","protected":false},"author":14,"featured_media":15145,"comment_status":"closed","ping_status":"closed","sticky":false,"template":"","format":"standard","meta":{"_bbp_topic_count":0,"_bbp_reply_count":0,"_bbp_total_topic_count":0,"_bbp_total_reply_count":0,"_bbp_voice_count":0,"_bbp_anonymous_reply_count":0,"_bbp_topic_count_hidden":0,"_bbp_reply_count_hidden":0,"_bbp_forum_subforum_count":0,"footnotes":""},"categories":[113,30,147,151,1,159,29,368],"tags":[],"class_list":["post-15144","post","type-post","status-publish","format-standard","has-post-thumbnail","hentry","category-administracio_empreses","category-cicles-formatius","category-coordinacions","category-emprenedoria","category-general","category-innovacio","category-portada","category-portada-ca"],"post_mailing_queue_ids":[],"_links":{"self":[{"href":"https:\/\/agora.xtec.cat\/iesesteveterradas\/wp-json\/wp\/v2\/posts\/15144","targetHints":{"allow":["GET"]}}],"collection":[{"href":"https:\/\/agora.xtec.cat\/iesesteveterradas\/wp-json\/wp\/v2\/posts"}],"about":[{"href":"https:\/\/agora.xtec.cat\/iesesteveterradas\/wp-json\/wp\/v2\/types\/post"}],"author":[{"embeddable":true,"href":"https:\/\/agora.xtec.cat\/iesesteveterradas\/wp-json\/wp\/v2\/users\/14"}],"replies":[{"embeddable":true,"href":"https:\/\/agora.xtec.cat\/iesesteveterradas\/wp-json\/wp\/v2\/comments?post=15144"}],"version-history":[{"count":6,"href":"https:\/\/agora.xtec.cat\/iesesteveterradas\/wp-json\/wp\/v2\/posts\/15144\/revisions"}],"predecessor-version":[{"id":15155,"href":"https:\/\/agora.xtec.cat\/iesesteveterradas\/wp-json\/wp\/v2\/posts\/15144\/revisions\/15155"}],"wp:featuredmedia":[{"embeddable":true,"href":"https:\/\/agora.xtec.cat\/iesesteveterradas\/wp-json\/wp\/v2\/media\/15145"}],"wp:attachment":[{"href":"https:\/\/agora.xtec.cat\/iesesteveterradas\/wp-json\/wp\/v2\/media?parent=15144"}],"wp:term":[{"taxonomy":"category","embeddable":true,"href":"https:\/\/agora.xtec.cat\/iesesteveterradas\/wp-json\/wp\/v2\/categories?post=15144"},{"taxonomy":"post_tag","embeddable":true,"href":"https:\/\/agora.xtec.cat\/iesesteveterradas\/wp-json\/wp\/v2\/tags?post=15144"}],"curies":[{"name":"wp","href":"https:\/\/api.w.org\/{rel}","templated":true}]}}