{"id":14992,"date":"2024-02-26T11:01:34","date_gmt":"2024-02-26T10:01:34","guid":{"rendered":"https:\/\/agora.xtec.cat\/iesesteveterradas\/?p=14992"},"modified":"2024-03-13T12:25:59","modified_gmt":"2024-03-13T11:25:59","slug":"v-jornada-de-portes-obertes-de-qualitat","status":"publish","type":"post","link":"https:\/\/agora.xtec.cat\/iesesteveterradas\/general\/v-jornada-de-portes-obertes-de-qualitat\/","title":{"rendered":"V Jornada de portes obertes de Qualitat"},"content":{"rendered":"<p>L&#8217;Institut Esteve Terradas com cada any ha participat a les jornades de portes obertes de qualitat, on hem presentat a altres centres bones pr\u00e0ctiques com coeducaci\u00f3, formaci\u00f3 Dual, gesti\u00f3 Mediambiental i gesti\u00f3 de centre.<\/p>\n<p><img loading=\"lazy\" decoding=\"async\" class=\"alignleft size-full wp-image-14993\" src=\"https:\/\/agora.xtec.cat\/iesesteveterradas\/wp-content\/uploads\/usu855\/PHOTO-2024-02-22-14-58-54.jpg\" alt=\"\" width=\"1418\" height=\"686\" srcset=\"https:\/\/agora.xtec.cat\/iesesteveterradas\/wp-content\/uploads\/usu855\/PHOTO-2024-02-22-14-58-54.jpg 1418w, https:\/\/agora.xtec.cat\/iesesteveterradas\/wp-content\/uploads\/usu855\/PHOTO-2024-02-22-14-58-54-300x145.jpg 300w, https:\/\/agora.xtec.cat\/iesesteveterradas\/wp-content\/uploads\/usu855\/PHOTO-2024-02-22-14-58-54-1024x495.jpg 1024w, https:\/\/agora.xtec.cat\/iesesteveterradas\/wp-content\/uploads\/usu855\/PHOTO-2024-02-22-14-58-54-768x372.jpg 768w\" sizes=\"auto, (max-width: 1418px) 100vw, 1418px\" \/><\/p>\n<p>Volem agrair als\/les companys\/yes i a l&#8217;empresa 5Skills Solutions, que han participat en aquesta jornada, i han mostrat el seu saber fer.<\/p>\n<p><img loading=\"lazy\" decoding=\"async\" class=\"alignleft size-full wp-image-14994\" src=\"https:\/\/agora.xtec.cat\/iesesteveterradas\/wp-content\/uploads\/usu855\/PHOTO-2024-02-22-13-00-34.jpg\" alt=\"\" width=\"1600\" height=\"1200\" srcset=\"https:\/\/agora.xtec.cat\/iesesteveterradas\/wp-content\/uploads\/usu855\/PHOTO-2024-02-22-13-00-34.jpg 1600w, https:\/\/agora.xtec.cat\/iesesteveterradas\/wp-content\/uploads\/usu855\/PHOTO-2024-02-22-13-00-34-300x225.jpg 300w, https:\/\/agora.xtec.cat\/iesesteveterradas\/wp-content\/uploads\/usu855\/PHOTO-2024-02-22-13-00-34-1024x768.jpg 1024w, https:\/\/agora.xtec.cat\/iesesteveterradas\/wp-content\/uploads\/usu855\/PHOTO-2024-02-22-13-00-34-768x576.jpg 768w, https:\/\/agora.xtec.cat\/iesesteveterradas\/wp-content\/uploads\/usu855\/PHOTO-2024-02-22-13-00-34-1536x1152.jpg 1536w, https:\/\/agora.xtec.cat\/iesesteveterradas\/wp-content\/uploads\/usu855\/PHOTO-2024-02-22-13-00-34-200x150.jpg 200w\" sizes=\"auto, (max-width: 1600px) 100vw, 1600px\" \/><\/p>\n<p>Agrair tamb\u00e9 la visita del professorat d&#8217;altres centres que van voler con\u00e8ixer com treballem al nostre Institut.<\/p>\n<p><img loading=\"lazy\" decoding=\"async\" class=\"alignleft size-full wp-image-14995\" src=\"https:\/\/agora.xtec.cat\/iesesteveterradas\/wp-content\/uploads\/usu855\/PHOTO-2024-02-22-13-00-35.jpg\" alt=\"\" width=\"1600\" height=\"1200\" srcset=\"https:\/\/agora.xtec.cat\/iesesteveterradas\/wp-content\/uploads\/usu855\/PHOTO-2024-02-22-13-00-35.jpg 1600w, https:\/\/agora.xtec.cat\/iesesteveterradas\/wp-content\/uploads\/usu855\/PHOTO-2024-02-22-13-00-35-300x225.jpg 300w, https:\/\/agora.xtec.cat\/iesesteveterradas\/wp-content\/uploads\/usu855\/PHOTO-2024-02-22-13-00-35-1024x768.jpg 1024w, https:\/\/agora.xtec.cat\/iesesteveterradas\/wp-content\/uploads\/usu855\/PHOTO-2024-02-22-13-00-35-768x576.jpg 768w, https:\/\/agora.xtec.cat\/iesesteveterradas\/wp-content\/uploads\/usu855\/PHOTO-2024-02-22-13-00-35-1536x1152.jpg 1536w, https:\/\/agora.xtec.cat\/iesesteveterradas\/wp-content\/uploads\/usu855\/PHOTO-2024-02-22-13-00-35-200x150.jpg 200w\" sizes=\"auto, (max-width: 1600px) 100vw, 1600px\" \/><\/p>\n<p>&nbsp;<\/p>\n","protected":false},"excerpt":{"rendered":"<p>L&#8217;Institut Esteve Terradas com cada any ha participat a les jornades de portes obertes de qualitat, on hem presentat a altres centres bones pr\u00e0ctiques com coeducaci\u00f3, formaci\u00f3 Dual, gesti\u00f3 Mediambiental i gesti\u00f3 de centre.<\/p>\n<p>Volem agrair als\/les companys\/yes i a l&#8217;empresa 5Skills Solutions, que han participat&hellip;  <a href=\"https:\/\/agora.xtec.cat\/iesesteveterradas\/general\/v-jornada-de-portes-obertes-de-qualitat\/\" title=\"Read V Jornada de portes obertes de Qualitat\">Llegeix m\u00e9s\u00bb<\/a><\/p>\n","protected":false},"author":6,"featured_media":14993,"comment_status":"closed","ping_status":"closed","sticky":false,"template":"","format":"standard","meta":{"_bbp_topic_count":0,"_bbp_reply_count":0,"_bbp_total_topic_count":0,"_bbp_total_reply_count":0,"_bbp_voice_count":0,"_bbp_anonymous_reply_count":0,"_bbp_topic_count_hidden":0,"_bbp_reply_count_hidden":0,"_bbp_forum_subforum_count":0,"footnotes":""},"categories":[149,147,1,157,29,368,156,148],"tags":[],"class_list":["post-14992","post","type-post","status-publish","format-standard","has-post-thumbnail","hentry","category-coeducacio","category-coordinacions","category-general","category-medi_ambient","category-portada","category-portada-ca","category-qualitat","category-serveis_empreses"],"post_mailing_queue_ids":[],"_links":{"self":[{"href":"https:\/\/agora.xtec.cat\/iesesteveterradas\/wp-json\/wp\/v2\/posts\/14992","targetHints":{"allow":["GET"]}}],"collection":[{"href":"https:\/\/agora.xtec.cat\/iesesteveterradas\/wp-json\/wp\/v2\/posts"}],"about":[{"href":"https:\/\/agora.xtec.cat\/iesesteveterradas\/wp-json\/wp\/v2\/types\/post"}],"author":[{"embeddable":true,"href":"https:\/\/agora.xtec.cat\/iesesteveterradas\/wp-json\/wp\/v2\/users\/6"}],"replies":[{"embeddable":true,"href":"https:\/\/agora.xtec.cat\/iesesteveterradas\/wp-json\/wp\/v2\/comments?post=14992"}],"version-history":[{"count":3,"href":"https:\/\/agora.xtec.cat\/iesesteveterradas\/wp-json\/wp\/v2\/posts\/14992\/revisions"}],"predecessor-version":[{"id":15132,"href":"https:\/\/agora.xtec.cat\/iesesteveterradas\/wp-json\/wp\/v2\/posts\/14992\/revisions\/15132"}],"wp:featuredmedia":[{"embeddable":true,"href":"https:\/\/agora.xtec.cat\/iesesteveterradas\/wp-json\/wp\/v2\/media\/14993"}],"wp:attachment":[{"href":"https:\/\/agora.xtec.cat\/iesesteveterradas\/wp-json\/wp\/v2\/media?parent=14992"}],"wp:term":[{"taxonomy":"category","embeddable":true,"href":"https:\/\/agora.xtec.cat\/iesesteveterradas\/wp-json\/wp\/v2\/categories?post=14992"},{"taxonomy":"post_tag","embeddable":true,"href":"https:\/\/agora.xtec.cat\/iesesteveterradas\/wp-json\/wp\/v2\/tags?post=14992"}],"curies":[{"name":"wp","href":"https:\/\/api.w.org\/{rel}","templated":true}]}}