{"id":14986,"date":"2024-02-23T13:20:41","date_gmt":"2024-02-23T12:20:41","guid":{"rendered":"https:\/\/agora.xtec.cat\/iesesteveterradas\/?p=14986"},"modified":"2024-03-13T12:31:54","modified_gmt":"2024-03-13T11:31:54","slug":"primera-trucada-holografica-entre-dos-instituts","status":"publish","type":"post","link":"https:\/\/agora.xtec.cat\/iesesteveterradas\/general\/primera-trucada-holografica-entre-dos-instituts\/","title":{"rendered":"Primera trucada hologr\u00e0fica entre dos instituts"},"content":{"rendered":"<p>T&#8217;imagines poder veure i parlar en directe amb un familiar que viu a l&#8217;estranger com si estigu\u00e9s just davant teu? O rebre classes de guitarra en temps real veient la postura del professor en 3D alhora que et corregeix?<\/p>\n<p>Aquests s\u00f3n alguns de la infinitat d&#8217;exemples d&#8217;aplicaci\u00f3 social que AVUI ja es pot aplicar realment a les comunicacions a dist\u00e0ncia gr\u00e0cies al projecte <a href=\"https:\/\/twitter.com\/holopiix\">Holopix<\/a>, impulsat per l&#8217;alumnat d&#8217;Administratiu de l&#8217;INS Esteve Terradas i Illa, i on col\u00b7labora l&#8217;alumnat de l&#8217;IFP Alguer\u00f3, INS Proven\u00e7ana, Escola del Treball de Lleida, INS Poblenou i el Citilab.<\/p>\n<table style=\"border-collapse: collapse; width: 100%; height: 397px;\">\n<tbody>\n<tr style=\"height: 397px;\">\n<td style=\"width: 100%; text-align: center; height: 397px;\"><div style=\"width: 848px;\" class=\"wp-video\"><!--[if lt IE 9]><script>document.createElement('video');<\/script><![endif]-->\n<video class=\"wp-video-shortcode\" id=\"video-14986-1\" width=\"848\" height=\"480\" preload=\"metadata\" controls=\"controls\"><source type=\"video\/mp4\" src=\"https:\/\/agora.xtec.cat\/iesesteveterradas\/wp-content\/uploads\/usu855\/VID-20240222-WA0003.mp4?_=1\" \/><a href=\"https:\/\/agora.xtec.cat\/iesesteveterradas\/wp-content\/uploads\/usu855\/VID-20240222-WA0003.mp4\">https:\/\/agora.xtec.cat\/iesesteveterradas\/wp-content\/uploads\/usu855\/VID-20240222-WA0003.mp4<\/a><\/video><\/div><\/td>\n<\/tr>\n<\/tbody>\n<\/table>\n<p><strong>Primera trucada hologr\u00e0fica entre dos instituts<\/strong><\/p>\n<p>Dijous 22 de febrer de 2024 l&#8217;alumnat de l&#8217;Esteve Terradas va poder validar el primer prototip, amb el que han treballat tot el curs, fent una trucada hologr\u00e0fica en temps real (sense cap <em>delay<\/em>) amb l&#8217;alumnat de l&#8217;Institut Proven\u00e7ana. La sessi\u00f3 va ser tot un \u00e8xit: La conversa va ser molt flu\u00efda i va ser una experi\u00e8ncia molt ben valorada i enriquidora per ambd\u00f3s grups que col\u00b7laboren per aconseguir que el projecte arribi a bon port.<\/p>\n<p><strong>\u00bfCom s&#8217;ha assolit fer la trucada?<\/strong><\/p>\n<p>Configurant una c\u00e0mera virtual amb el programa d&#8217;ordinador gratu\u00eft &#8220;<strong>OBS Studio<\/strong>&#8221; (que tamb\u00e9 utilitzem amb el projecte &#8220;<a href=\"https:\/\/agora.xtec.cat\/iesesteveterradas\/general\/the-ieti-show-2-0\/\">THE IETI SHOW<\/a>&#8220;), i utilitzant el <strong>meet<\/strong> escollint aquesta c\u00e0mera virtual creada.<\/p>\n<table style=\"border-collapse: collapse; width: 100%;\">\n<tbody>\n<tr>\n<td style=\"width: 50%;\"><img loading=\"lazy\" decoding=\"async\" class=\"wp-image-14988 aligncenter\" src=\"https:\/\/agora.xtec.cat\/iesesteveterradas\/wp-content\/uploads\/usu855\/PXL_20240222_160350670-1024x576.jpg\" alt=\"\" width=\"474\" height=\"266\" srcset=\"https:\/\/agora.xtec.cat\/iesesteveterradas\/wp-content\/uploads\/usu855\/PXL_20240222_160350670-1024x576.jpg 1024w, https:\/\/agora.xtec.cat\/iesesteveterradas\/wp-content\/uploads\/usu855\/PXL_20240222_160350670-300x169.jpg 300w, https:\/\/agora.xtec.cat\/iesesteveterradas\/wp-content\/uploads\/usu855\/PXL_20240222_160350670-768x432.jpg 768w, https:\/\/agora.xtec.cat\/iesesteveterradas\/wp-content\/uploads\/usu855\/PXL_20240222_160350670-1536x864.jpg 1536w, https:\/\/agora.xtec.cat\/iesesteveterradas\/wp-content\/uploads\/usu855\/PXL_20240222_160350670-2048x1152.jpg 2048w\" sizes=\"auto, (max-width: 474px) 100vw, 474px\" \/><\/td>\n<td style=\"width: 50%;\"><img loading=\"lazy\" decoding=\"async\" class=\"wp-image-14989 aligncenter\" src=\"https:\/\/agora.xtec.cat\/iesesteveterradas\/wp-content\/uploads\/usu855\/PXL_20240222_161527864-1024x576.jpg\" alt=\"\" width=\"457\" height=\"257\" srcset=\"https:\/\/agora.xtec.cat\/iesesteveterradas\/wp-content\/uploads\/usu855\/PXL_20240222_161527864-1024x576.jpg 1024w, https:\/\/agora.xtec.cat\/iesesteveterradas\/wp-content\/uploads\/usu855\/PXL_20240222_161527864-300x169.jpg 300w, https:\/\/agora.xtec.cat\/iesesteveterradas\/wp-content\/uploads\/usu855\/PXL_20240222_161527864-768x432.jpg 768w, https:\/\/agora.xtec.cat\/iesesteveterradas\/wp-content\/uploads\/usu855\/PXL_20240222_161527864-1536x864.jpg 1536w, https:\/\/agora.xtec.cat\/iesesteveterradas\/wp-content\/uploads\/usu855\/PXL_20240222_161527864-2048x1152.jpg 2048w\" sizes=\"auto, (max-width: 457px) 100vw, 457px\" \/><\/td>\n<\/tr>\n<\/tbody>\n<\/table>\n<p><strong>\u00bfQuina \u00e9s la part empresarial del projecte?<\/strong><\/p>\n<p>L&#8217;alumnat est\u00e0 creant el pla d&#8217;una empresa simulada que ofereix el servei d&#8217;una app amb la configuraci\u00f3 instal\u00b7lada per fer trucades hologr\u00e0fiques des de qualsevol dispositiu i sense la necessitat de tenir un croma darrere.<\/p>\n<p>Aquesta podria ser una soluci\u00f3 empresarial que resol el repte de millorar la comunicaci\u00f3 a dist\u00e0ncia. Ja que en les videotrucades actuals es perd la comunicaci\u00f3 no verbal (que representa el 55% de la comunicaci\u00f3 entre dues persones).<\/p>\n<p>La pir\u00e0mide hologr\u00e0fica la pot crear qualsevol persona #DIY o l&#8217;empresa Holopix la podria vendre per <a href=\"https:\/\/x.com\/holopiix\/status\/1755678179769938420?s=20\">qualsevol mida de pantalla<\/a>. De fet, s&#8217;han creat prototips per m\u00f2bils, tauletes, monitors de 22&#8243; i pr\u00f2ximament per a una pantalla de 75&#8243;. Per\u00f2 el pla de viabilitat econ\u00f2mica del projecte s&#8217;enfoca a la subscripci\u00f3 mensual de l&#8217;app de trucades hologr\u00e0fiques, que podria rondar els 14\u20ac\/mensuals.<\/p>\n<p><strong>\u00bfI ara&#8230; Quin \u00e9s el pr\u00f2xim horitz\u00f3 del projecte?<\/strong><\/p>\n<p>Encara hi ha molts reptes, novetats i sorpreses dins de l&#8217;etapa en la qual es troba el projecte. Si voleu tenir not\u00edcies actualitzades no dubteu a seguir-nos a les <a href=\"https:\/\/twitter.com\/holopiix\">xarxes socials<\/a>!<\/p>\n","protected":false},"excerpt":{"rendered":"<p>Dijous 22 de febrer de 2024 l&#8217;alumnat de l&#8217;Esteve Terradas va poder validar el primer prototip, amb el que han treballat tot el curs, fent una trucada hologr\u00e0fica en temps real (sense cap delay) amb l&#8217;alumnat de l&#8217;Institut Proven\u00e7ana. La sessi\u00f3 va ser tot un \u00e8xit: La conversa va ser molt fluida i va ser una experi\u00e8ncia molt ben valorada i enriquidora per ambd\u00f3s grups que col\u00b7laboren per aconseguir que el projecte arribi a bon port.&hellip;  <a href=\"https:\/\/agora.xtec.cat\/iesesteveterradas\/general\/primera-trucada-holografica-entre-dos-instituts\/\" title=\"Read Primera trucada hologr\u00e0fica entre dos instituts\">Llegeix m\u00e9s\u00bb<\/a><\/p>\n","protected":false},"author":14,"featured_media":14988,"comment_status":"closed","ping_status":"closed","sticky":false,"template":"","format":"standard","meta":{"_bbp_topic_count":0,"_bbp_reply_count":0,"_bbp_total_topic_count":0,"_bbp_total_reply_count":0,"_bbp_voice_count":0,"_bbp_anonymous_reply_count":0,"_bbp_topic_count_hidden":0,"_bbp_reply_count_hidden":0,"_bbp_forum_subforum_count":0,"footnotes":""},"categories":[113,30,1,29,368],"tags":[584,582],"class_list":["post-14986","post","type-post","status-publish","format-standard","has-post-thumbnail","hentry","category-administracio_empreses","category-cicles-formatius","category-general","category-portada","category-portada-ca","tag-hologrames","tag-holopix"],"post_mailing_queue_ids":[],"_links":{"self":[{"href":"https:\/\/agora.xtec.cat\/iesesteveterradas\/wp-json\/wp\/v2\/posts\/14986","targetHints":{"allow":["GET"]}}],"collection":[{"href":"https:\/\/agora.xtec.cat\/iesesteveterradas\/wp-json\/wp\/v2\/posts"}],"about":[{"href":"https:\/\/agora.xtec.cat\/iesesteveterradas\/wp-json\/wp\/v2\/types\/post"}],"author":[{"embeddable":true,"href":"https:\/\/agora.xtec.cat\/iesesteveterradas\/wp-json\/wp\/v2\/users\/14"}],"replies":[{"embeddable":true,"href":"https:\/\/agora.xtec.cat\/iesesteveterradas\/wp-json\/wp\/v2\/comments?post=14986"}],"version-history":[{"count":3,"href":"https:\/\/agora.xtec.cat\/iesesteveterradas\/wp-json\/wp\/v2\/posts\/14986\/revisions"}],"predecessor-version":[{"id":15134,"href":"https:\/\/agora.xtec.cat\/iesesteveterradas\/wp-json\/wp\/v2\/posts\/14986\/revisions\/15134"}],"wp:featuredmedia":[{"embeddable":true,"href":"https:\/\/agora.xtec.cat\/iesesteveterradas\/wp-json\/wp\/v2\/media\/14988"}],"wp:attachment":[{"href":"https:\/\/agora.xtec.cat\/iesesteveterradas\/wp-json\/wp\/v2\/media?parent=14986"}],"wp:term":[{"taxonomy":"category","embeddable":true,"href":"https:\/\/agora.xtec.cat\/iesesteveterradas\/wp-json\/wp\/v2\/categories?post=14986"},{"taxonomy":"post_tag","embeddable":true,"href":"https:\/\/agora.xtec.cat\/iesesteveterradas\/wp-json\/wp\/v2\/tags?post=14986"}],"curies":[{"name":"wp","href":"https:\/\/api.w.org\/{rel}","templated":true}]}}