{"id":14940,"date":"2024-02-16T12:41:34","date_gmt":"2024-02-16T11:41:34","guid":{"rendered":"https:\/\/agora.xtec.cat\/iesesteveterradas\/?p=14940"},"modified":"2024-03-13T12:23:56","modified_gmt":"2024-03-13T11:23:56","slug":"el-das1-a-la-banqueta-dels-acusats","status":"publish","type":"post","link":"https:\/\/agora.xtec.cat\/iesesteveterradas\/general\/el-das1-a-la-banqueta-dels-acusats\/","title":{"rendered":"A la banqueta dels acusats"},"content":{"rendered":"<p>A la Ciutat de la Just\u00edcia de Barcelona, un grup d&#8217;estudiants del 1r curs d&#8217;Assist\u00e8ncia a la Direcci\u00f3 ha estat portat a judici per &#8220;col\u00b7laboraci\u00f3 extracurricular&#8221; en els treballs de FOL, utilitzant ChatGPT com a &#8220;ajudant virtual&#8221;. La sessi\u00f3 tamb\u00e9 ha servit per con\u00e8ixer la hist\u00f2ria i els espais d&#8217;aquesta megaestructura del poder judicial catal\u00e0.<\/p>\n<p>La Ciutat de la Just\u00edcia \u00e9s un complex d&#8217;edificis que neix de la necessitat d\u2019unificar tots els \u00f2rgans judicials per garantir la funcionalitat, l\u2019estalvi, la gesti\u00f3 i l\u2019accessibilitat a totes aquelles persones que n\u2019hagin de fer \u00fas, tant professionals de la just\u00edcia com ciutadans.\u00a0Fruit d\u2019aquesta unificaci\u00f3 es crea un conjunt d\u2019edificis situats a la Gran Via de Barcelona i dividit en diferents usos especifics per a cada un dels blocs. \u00c9s l&#8217;obra civil m\u00e9s gran del Pla d&#8217;infraestructures judicials del Departament de Just\u00edcia de la Generalitat de Catalunya.<\/p>\n<p><img loading=\"lazy\" decoding=\"async\" class=\"alignnone wp-image-14944\" src=\"https:\/\/agora.xtec.cat\/iesesteveterradas\/wp-content\/uploads\/usu855\/777.jpg\" alt=\"\" width=\"364\" height=\"235\" srcset=\"https:\/\/agora.xtec.cat\/iesesteveterradas\/wp-content\/uploads\/usu855\/777.jpg 404w, https:\/\/agora.xtec.cat\/iesesteveterradas\/wp-content\/uploads\/usu855\/777-300x194.jpg 300w\" sizes=\"auto, (max-width: 364px) 100vw, 364px\" \/>\u00a0<img loading=\"lazy\" decoding=\"async\" class=\"alignnone wp-image-14942\" src=\"https:\/\/agora.xtec.cat\/iesesteveterradas\/wp-content\/uploads\/usu855\/5555-1024x768.jpg\" alt=\"\" width=\"323\" height=\"242\" srcset=\"https:\/\/agora.xtec.cat\/iesesteveterradas\/wp-content\/uploads\/usu855\/5555-1024x768.jpg 1024w, https:\/\/agora.xtec.cat\/iesesteveterradas\/wp-content\/uploads\/usu855\/5555-300x225.jpg 300w, https:\/\/agora.xtec.cat\/iesesteveterradas\/wp-content\/uploads\/usu855\/5555-768x576.jpg 768w, https:\/\/agora.xtec.cat\/iesesteveterradas\/wp-content\/uploads\/usu855\/5555-1536x1152.jpg 1536w, https:\/\/agora.xtec.cat\/iesesteveterradas\/wp-content\/uploads\/usu855\/5555-200x150.jpg 200w, https:\/\/agora.xtec.cat\/iesesteveterradas\/wp-content\/uploads\/usu855\/5555.jpg 1600w\" sizes=\"auto, (max-width: 323px) 100vw, 323px\" \/> <img loading=\"lazy\" decoding=\"async\" class=\"alignnone wp-image-14943\" src=\"https:\/\/agora.xtec.cat\/iesesteveterradas\/wp-content\/uploads\/usu855\/444-1024x768.jpg\" alt=\"\" width=\"327\" height=\"245\" srcset=\"https:\/\/agora.xtec.cat\/iesesteveterradas\/wp-content\/uploads\/usu855\/444-1024x768.jpg 1024w, https:\/\/agora.xtec.cat\/iesesteveterradas\/wp-content\/uploads\/usu855\/444-300x225.jpg 300w, https:\/\/agora.xtec.cat\/iesesteveterradas\/wp-content\/uploads\/usu855\/444-768x576.jpg 768w, https:\/\/agora.xtec.cat\/iesesteveterradas\/wp-content\/uploads\/usu855\/444-1536x1152.jpg 1536w, https:\/\/agora.xtec.cat\/iesesteveterradas\/wp-content\/uploads\/usu855\/444-200x150.jpg 200w, https:\/\/agora.xtec.cat\/iesesteveterradas\/wp-content\/uploads\/usu855\/444.jpg 2048w\" sizes=\"auto, (max-width: 327px) 100vw, 327px\" \/><\/p>\n","protected":false},"excerpt":{"rendered":"<p>A la Ciutat de la Just\u00edcia de Barcelona, un grup d&#8217;estudiants del 1r curs d&#8217;Assist\u00e8ncia a la Direcci\u00f3 ha estat portat a judici per &#8220;col\u00b7laboraci\u00f3 extracurricular&#8221; en els treballs de FOL, utilitzant ChatGPT com a &#8220;ajudant virtual&#8221;. La sessi\u00f3 tamb\u00e9 ha servit per con\u00e8ixer la&hellip;  <a href=\"https:\/\/agora.xtec.cat\/iesesteveterradas\/general\/el-das1-a-la-banqueta-dels-acusats\/\" title=\"Read A la banqueta dels acusats\">Llegeix m\u00e9s\u00bb<\/a><\/p>\n","protected":false},"author":14,"featured_media":14942,"comment_status":"closed","ping_status":"closed","sticky":false,"template":"","format":"standard","meta":{"_bbp_topic_count":0,"_bbp_reply_count":0,"_bbp_total_topic_count":0,"_bbp_total_reply_count":0,"_bbp_voice_count":0,"_bbp_anonymous_reply_count":0,"_bbp_topic_count_hidden":0,"_bbp_reply_count_hidden":0,"_bbp_forum_subforum_count":0,"footnotes":""},"categories":[113,30,147,151,1,29,368],"tags":[],"class_list":["post-14940","post","type-post","status-publish","format-standard","has-post-thumbnail","hentry","category-administracio_empreses","category-cicles-formatius","category-coordinacions","category-emprenedoria","category-general","category-portada","category-portada-ca"],"post_mailing_queue_ids":[],"_links":{"self":[{"href":"https:\/\/agora.xtec.cat\/iesesteveterradas\/wp-json\/wp\/v2\/posts\/14940","targetHints":{"allow":["GET"]}}],"collection":[{"href":"https:\/\/agora.xtec.cat\/iesesteveterradas\/wp-json\/wp\/v2\/posts"}],"about":[{"href":"https:\/\/agora.xtec.cat\/iesesteveterradas\/wp-json\/wp\/v2\/types\/post"}],"author":[{"embeddable":true,"href":"https:\/\/agora.xtec.cat\/iesesteveterradas\/wp-json\/wp\/v2\/users\/14"}],"replies":[{"embeddable":true,"href":"https:\/\/agora.xtec.cat\/iesesteveterradas\/wp-json\/wp\/v2\/comments?post=14940"}],"version-history":[{"count":6,"href":"https:\/\/agora.xtec.cat\/iesesteveterradas\/wp-json\/wp\/v2\/posts\/14940\/revisions"}],"predecessor-version":[{"id":15131,"href":"https:\/\/agora.xtec.cat\/iesesteveterradas\/wp-json\/wp\/v2\/posts\/14940\/revisions\/15131"}],"wp:featuredmedia":[{"embeddable":true,"href":"https:\/\/agora.xtec.cat\/iesesteveterradas\/wp-json\/wp\/v2\/media\/14942"}],"wp:attachment":[{"href":"https:\/\/agora.xtec.cat\/iesesteveterradas\/wp-json\/wp\/v2\/media?parent=14940"}],"wp:term":[{"taxonomy":"category","embeddable":true,"href":"https:\/\/agora.xtec.cat\/iesesteveterradas\/wp-json\/wp\/v2\/categories?post=14940"},{"taxonomy":"post_tag","embeddable":true,"href":"https:\/\/agora.xtec.cat\/iesesteveterradas\/wp-json\/wp\/v2\/tags?post=14940"}],"curies":[{"name":"wp","href":"https:\/\/api.w.org\/{rel}","templated":true}]}}