{"id":14925,"date":"2024-02-14T23:39:48","date_gmt":"2024-02-14T22:39:48","guid":{"rendered":"https:\/\/agora.xtec.cat\/iesesteveterradas\/?p=14925"},"modified":"2024-03-13T12:22:51","modified_gmt":"2024-03-13T11:22:51","slug":"de-laula-a-la-graella-la-tradicional-calcotada-de-lesteve","status":"publish","type":"post","link":"https:\/\/agora.xtec.cat\/iesesteveterradas\/general\/de-laula-a-la-graella-la-tradicional-calcotada-de-lesteve\/","title":{"rendered":"De l&#8217;aula a la graella: La tradicional cal\u00e7otada de l&#8217;Esteve"},"content":{"rendered":"<p>En el dia de Sant Valent\u00ed, \u00a0el pati de l&#8217;Esteve va ser el lloc de trobada d\u2019una trepidant cal\u00e7otada que va reunir bona part la comunitat educativa del centre, en el tradicional \u00e0pat de conviv\u00e8ncia de les Jornades d\u2019Orientaci\u00f3 Acad\u00e8miques i Professionals (JOAP). Rialles, m\u00fasica i el delici\u00f3s aroma dels cal\u00e7ots a la graella van omplir l&#8217;aire mentre les persones assistents compartien an\u00e8cdotes i experi\u00e8ncies.<\/p>\n<p>La iniciativa, impulsada una vegada m\u00e9s per l\u2019actual <em>Prefectura d&#8217;Estudis<\/em><em>,<\/em> no nom\u00e9s va ser una celebraci\u00f3 gastron\u00f2mica, sin\u00f3 tamb\u00e9 una oportunitat per refor\u00e7ar els lligams entre els membres de l\u2019Esteve i promoure un clima de cohesi\u00f3 i camaraderia entre els professionals del centre.<\/p>\n<p><img loading=\"lazy\" decoding=\"async\" class=\"alignnone wp-image-14927\" src=\"https:\/\/agora.xtec.cat\/iesesteveterradas\/wp-content\/uploads\/usu855\/calso1-1024x900.jpg\" alt=\"\" width=\"380\" height=\"334\" srcset=\"https:\/\/agora.xtec.cat\/iesesteveterradas\/wp-content\/uploads\/usu855\/calso1-1024x900.jpg 1024w, https:\/\/agora.xtec.cat\/iesesteveterradas\/wp-content\/uploads\/usu855\/calso1-300x264.jpg 300w, https:\/\/agora.xtec.cat\/iesesteveterradas\/wp-content\/uploads\/usu855\/calso1-768x675.jpg 768w, https:\/\/agora.xtec.cat\/iesesteveterradas\/wp-content\/uploads\/usu855\/calso1.jpg 1507w\" sizes=\"auto, (max-width: 380px) 100vw, 380px\" \/><\/p>\n","protected":false},"excerpt":{"rendered":"<p>En el dia de Sant Valent\u00ed, \u00a0el pati de l&#8217;Esteve va ser el lloc de trobada d\u2019una trepidant cal\u00e7otada que va reunir bona part la comunitat educativa del centre, en el tradicional \u00e0pat de conviv\u00e8ncia de les Jornades d\u2019Orientaci\u00f3 Acad\u00e8miques i Professionals (JOAP). Rialles, m\u00fasica&hellip;  <a href=\"https:\/\/agora.xtec.cat\/iesesteveterradas\/general\/de-laula-a-la-graella-la-tradicional-calcotada-de-lesteve\/\" title=\"Read De l&#8217;aula a la graella: La tradicional cal\u00e7otada de l&#8217;Esteve\">Llegeix m\u00e9s\u00bb<\/a><\/p>\n","protected":false},"author":14,"featured_media":14927,"comment_status":"open","ping_status":"closed","sticky":false,"template":"","format":"standard","meta":{"_bbp_topic_count":0,"_bbp_reply_count":0,"_bbp_total_topic_count":0,"_bbp_total_reply_count":0,"_bbp_voice_count":0,"_bbp_anonymous_reply_count":0,"_bbp_topic_count_hidden":0,"_bbp_reply_count_hidden":0,"_bbp_forum_subforum_count":0,"footnotes":""},"categories":[113,30,147,178,1,159,29,368],"tags":[],"class_list":["post-14925","post","type-post","status-publish","format-standard","has-post-thumbnail","hentry","category-administracio_empreses","category-cicles-formatius","category-coordinacions","category-eso_batxillerat","category-general","category-innovacio","category-portada","category-portada-ca"],"post_mailing_queue_ids":[],"_links":{"self":[{"href":"https:\/\/agora.xtec.cat\/iesesteveterradas\/wp-json\/wp\/v2\/posts\/14925","targetHints":{"allow":["GET"]}}],"collection":[{"href":"https:\/\/agora.xtec.cat\/iesesteveterradas\/wp-json\/wp\/v2\/posts"}],"about":[{"href":"https:\/\/agora.xtec.cat\/iesesteveterradas\/wp-json\/wp\/v2\/types\/post"}],"author":[{"embeddable":true,"href":"https:\/\/agora.xtec.cat\/iesesteveterradas\/wp-json\/wp\/v2\/users\/14"}],"replies":[{"embeddable":true,"href":"https:\/\/agora.xtec.cat\/iesesteveterradas\/wp-json\/wp\/v2\/comments?post=14925"}],"version-history":[{"count":4,"href":"https:\/\/agora.xtec.cat\/iesesteveterradas\/wp-json\/wp\/v2\/posts\/14925\/revisions"}],"predecessor-version":[{"id":14980,"href":"https:\/\/agora.xtec.cat\/iesesteveterradas\/wp-json\/wp\/v2\/posts\/14925\/revisions\/14980"}],"wp:featuredmedia":[{"embeddable":true,"href":"https:\/\/agora.xtec.cat\/iesesteveterradas\/wp-json\/wp\/v2\/media\/14927"}],"wp:attachment":[{"href":"https:\/\/agora.xtec.cat\/iesesteveterradas\/wp-json\/wp\/v2\/media?parent=14925"}],"wp:term":[{"taxonomy":"category","embeddable":true,"href":"https:\/\/agora.xtec.cat\/iesesteveterradas\/wp-json\/wp\/v2\/categories?post=14925"},{"taxonomy":"post_tag","embeddable":true,"href":"https:\/\/agora.xtec.cat\/iesesteveterradas\/wp-json\/wp\/v2\/tags?post=14925"}],"curies":[{"name":"wp","href":"https:\/\/api.w.org\/{rel}","templated":true}]}}