{"id":14796,"date":"2024-02-01T07:08:52","date_gmt":"2024-02-01T06:08:52","guid":{"rendered":"https:\/\/agora.xtec.cat\/iesesteveterradas\/?p=14796"},"modified":"2024-02-06T10:00:43","modified_gmt":"2024-02-06T09:00:43","slug":"visitem-la-re-parada-una-pionera-innovacio-verda-de-cornella","status":"publish","type":"post","link":"https:\/\/agora.xtec.cat\/iesesteveterradas\/general\/visitem-la-re-parada-una-pionera-innovacio-verda-de-cornella\/","title":{"rendered":"Visitem la Re-Parada, una pionera innovaci\u00f3 verda de Cornell\u00e0"},"content":{"rendered":"<p>El grup DAS2 ha visitat la Re-Parada, del carrer Catalans 70, per con\u00e8ixer de prop aquesta pionera iniciativa municipal d&#8217;innovaci\u00f3 verda. Les Re-Parades s\u00f3n antics quioscos de premsa transformats en espais amb serveis per reduir i gestionar correctament els residus.<\/p>\n<p>A banda, ofereixen assessorament per a l\u2019autoreparaci\u00f3 d\u2019alguns objectes per allargar-ne la seva vida \u00fatil a trav\u00e9s de tallers setmanals especialitzats en bicicletes, petits aparells el\u00e8ctrics o aparells inform\u00e0tics. La nostra alumna Maria ha pogut reparar els seus auriculars de marca en poc m\u00e9s de 10 minuts.<\/p>\n<p><img loading=\"lazy\" decoding=\"async\" class=\"alignnone wp-image-14797\" src=\"https:\/\/agora.xtec.cat\/iesesteveterradas\/wp-content\/uploads\/usu855\/111-1024x576.jpg\" alt=\"\" width=\"505\" height=\"284\" srcset=\"https:\/\/agora.xtec.cat\/iesesteveterradas\/wp-content\/uploads\/usu855\/111-1024x576.jpg 1024w, https:\/\/agora.xtec.cat\/iesesteveterradas\/wp-content\/uploads\/usu855\/111-300x169.jpg 300w, https:\/\/agora.xtec.cat\/iesesteveterradas\/wp-content\/uploads\/usu855\/111-768x432.jpg 768w, https:\/\/agora.xtec.cat\/iesesteveterradas\/wp-content\/uploads\/usu855\/111-1536x864.jpg 1536w, https:\/\/agora.xtec.cat\/iesesteveterradas\/wp-content\/uploads\/usu855\/111.jpg 2048w\" sizes=\"auto, (max-width: 505px) 100vw, 505px\" \/> <img loading=\"lazy\" decoding=\"async\" class=\"alignnone wp-image-14798\" src=\"https:\/\/agora.xtec.cat\/iesesteveterradas\/wp-content\/uploads\/usu855\/222.jpg\" alt=\"\" width=\"428\" height=\"285\" srcset=\"https:\/\/agora.xtec.cat\/iesesteveterradas\/wp-content\/uploads\/usu855\/222.jpg 600w, https:\/\/agora.xtec.cat\/iesesteveterradas\/wp-content\/uploads\/usu855\/222-300x200.jpg 300w\" sizes=\"auto, (max-width: 428px) 100vw, 428px\" \/><\/p>\n","protected":false},"excerpt":{"rendered":"<p>El grup DAS2 ha visitat la Re-Parada, del carrer Catalans 70, per con\u00e8ixer de prop aquesta pionera iniciativa municipal d&#8217;innovaci\u00f3 verda. Les Re-Parades s\u00f3n antics quioscos de premsa transformats en espais amb serveis per reduir i gestionar correctament els residus.<br \/>\nA banda, ofereixen assessorament per a&hellip;  <a href=\"https:\/\/agora.xtec.cat\/iesesteveterradas\/general\/visitem-la-re-parada-una-pionera-innovacio-verda-de-cornella\/\" title=\"Read Visitem la Re-Parada, una pionera innovaci\u00f3 verda de Cornell\u00e0\">Llegeix m\u00e9s\u00bb<\/a><\/p>\n","protected":false},"author":14,"featured_media":14798,"comment_status":"closed","ping_status":"closed","sticky":false,"template":"","format":"standard","meta":{"_bbp_topic_count":0,"_bbp_reply_count":0,"_bbp_total_topic_count":0,"_bbp_total_reply_count":0,"_bbp_voice_count":0,"_bbp_anonymous_reply_count":0,"_bbp_topic_count_hidden":0,"_bbp_reply_count_hidden":0,"_bbp_forum_subforum_count":0,"footnotes":""},"categories":[113,30,147,151,1,159,29,368],"tags":[],"class_list":["post-14796","post","type-post","status-publish","format-standard","has-post-thumbnail","hentry","category-administracio_empreses","category-cicles-formatius","category-coordinacions","category-emprenedoria","category-general","category-innovacio","category-portada","category-portada-ca"],"post_mailing_queue_ids":[],"_links":{"self":[{"href":"https:\/\/agora.xtec.cat\/iesesteveterradas\/wp-json\/wp\/v2\/posts\/14796","targetHints":{"allow":["GET"]}}],"collection":[{"href":"https:\/\/agora.xtec.cat\/iesesteveterradas\/wp-json\/wp\/v2\/posts"}],"about":[{"href":"https:\/\/agora.xtec.cat\/iesesteveterradas\/wp-json\/wp\/v2\/types\/post"}],"author":[{"embeddable":true,"href":"https:\/\/agora.xtec.cat\/iesesteveterradas\/wp-json\/wp\/v2\/users\/14"}],"replies":[{"embeddable":true,"href":"https:\/\/agora.xtec.cat\/iesesteveterradas\/wp-json\/wp\/v2\/comments?post=14796"}],"version-history":[{"count":2,"href":"https:\/\/agora.xtec.cat\/iesesteveterradas\/wp-json\/wp\/v2\/posts\/14796\/revisions"}],"predecessor-version":[{"id":14800,"href":"https:\/\/agora.xtec.cat\/iesesteveterradas\/wp-json\/wp\/v2\/posts\/14796\/revisions\/14800"}],"wp:featuredmedia":[{"embeddable":true,"href":"https:\/\/agora.xtec.cat\/iesesteveterradas\/wp-json\/wp\/v2\/media\/14798"}],"wp:attachment":[{"href":"https:\/\/agora.xtec.cat\/iesesteveterradas\/wp-json\/wp\/v2\/media?parent=14796"}],"wp:term":[{"taxonomy":"category","embeddable":true,"href":"https:\/\/agora.xtec.cat\/iesesteveterradas\/wp-json\/wp\/v2\/categories?post=14796"},{"taxonomy":"post_tag","embeddable":true,"href":"https:\/\/agora.xtec.cat\/iesesteveterradas\/wp-json\/wp\/v2\/tags?post=14796"}],"curies":[{"name":"wp","href":"https:\/\/api.w.org\/{rel}","templated":true}]}}