{"id":14791,"date":"2024-01-30T09:56:28","date_gmt":"2024-01-30T08:56:28","guid":{"rendered":"https:\/\/agora.xtec.cat\/iesesteveterradas\/?p=14791"},"modified":"2024-02-06T09:59:57","modified_gmt":"2024-02-06T08:59:57","slug":"holopix-crea-els-primers-hologrames","status":"publish","type":"post","link":"https:\/\/agora.xtec.cat\/iesesteveterradas\/general\/holopix-crea-els-primers-hologrames\/","title":{"rendered":"Holopix crea els primers hologrames"},"content":{"rendered":"<p><strong>\u00bfPer qu\u00e8 Holopix?<\/strong><\/p>\n<p>Segons l&#8217;estudi del psic\u00f2leg alemany Albert Mehrabian, el 7% de la nostra comunicaci\u00f3 s\u00f3n les paraules que pronunciem, el 38% correspon a aquella informaci\u00f3 que transmetem mitjan\u00e7ant el to, volum o tonalitat de veu, i el 55% prov\u00e9 del llenguatge corporal (gestos, postura i mirada). Aix\u00ed doncs, de l&#8217;estudi es conclou que <strong>el 93%<\/strong> <strong>de la informaci\u00f3 es transmet a trav\u00e9s de la comunicaci\u00f3 no verbal<\/strong>.<\/p>\n<p>Per tant, quan un directiu fa una videotrucada a una seu d&#8217;una altra ciutat, nom\u00e9s comparteix les expressions del seu rostre respecte a la comunicaci\u00f3 no verbal. A m\u00e9s, si comparteix una presentaci\u00f3, es perd un 55% de la informaci\u00f3 relativa a l&#8217;expressi\u00f3 corporal. L&#8217;objectiu del projecte &#8220;Holopix&#8221; \u00e9s millorar la comunicaci\u00f3 a dist\u00e0ncia donant el valor que correspon a la comunicaci\u00f3 no verbal.<\/p>\n<table style=\"border-collapse: collapse; width: 100%;\">\n<tbody>\n<tr>\n<td style=\"width: 50%;\"><img decoding=\"async\" src=\"https:\/\/pbs.twimg.com\/media\/GExYe4jWAAAep5v?format=jpg&amp;name=large\" alt=\"Imatge\" \/><\/td>\n<td style=\"width: 50%;\"><img decoding=\"async\" src=\"https:\/\/pbs.twimg.com\/media\/GExYe4gXkAAGHDP?format=jpg&amp;name=large\" alt=\"Imatge\" \/><\/td>\n<\/tr>\n<\/tbody>\n<\/table>\n<p><strong>\u00bfCom ho aconseguim?<\/strong><\/p>\n<p>Oferint una comunicaci\u00f3 hologr\u00e0fica a baix cost perqu\u00e8 qualsevol empresa o ciutad\u00e0 en pugui fer \u00fas. Es pot aplicar en infinitats de sectors i representa una revoluci\u00f3 innovadora a la comunicaci\u00f3, aportant proximitat i una altra manera de relacionar-se amb altres persones. Concretament, hem elaborat pir\u00e0mides hologr\u00e0fiques a un preu raonable i una aplicaci\u00f3 beta que permet fer trucades hologr\u00e0fiques en temps real. Holopix \u00e9s realment una punta de llan\u00e7a per democratitzar aquesta tecnologia.<\/p>\n<table style=\"border-collapse: collapse; width: 100%;\">\n<tbody>\n<tr>\n<td style=\"width: 50%;\"><img decoding=\"async\" src=\"https:\/\/pbs.twimg.com\/media\/GExYec-W4AAOCBB?format=jpg&amp;name=large\" alt=\"Imatge\" \/><\/td>\n<td style=\"width: 50%;\"><img decoding=\"async\" src=\"https:\/\/pbs.twimg.com\/media\/GExYec7X0AAbe44?format=jpg&amp;name=large\" alt=\"Imatge\" \/><\/td>\n<\/tr>\n<\/tbody>\n<\/table>\n<p><strong>Projecte Intercentres<\/strong><\/p>\n<p>Aquest projecte impulsat per l&#8217;alumnat d&#8217;Administraci\u00f3 i Finances i Assist\u00e8ncia a la direcci\u00f3 disposa de la col\u00b7laboraci\u00f3 de l&#8217;alumnat d&#8217;Arts Gr\u00e0fiques de l&#8217;IFP Alguer\u00f3 (per crear la imatge corporativa), d&#8217;Inform\u00e0tica i M\u00e0rqueting de l&#8217;INS Proven\u00e7ana (per crear la p\u00e0gina web i la campanya de m\u00e0rqueting), Inform\u00e0tica de l&#8217;INS Poble Nou (per crear una app beta), i de l&#8217;Escola de Treball de Lleida (per preparar el dia de presentaci\u00f3 del projecte. En total uns 180 alumnes i 9 professors de diferents cicles hauran participat d&#8217;alguna manera en l&#8217;\u00e8xit del projecte Holopix.<\/p>\n<table style=\"border-collapse: collapse; width: 100%;\">\n<tbody>\n<tr>\n<td style=\"width: 100%;\"><img loading=\"lazy\" decoding=\"async\" class=\" wp-image-14792 aligncenter\" src=\"https:\/\/agora.xtec.cat\/iesesteveterradas\/wp-content\/uploads\/usu855\/twit.png\" alt=\"\" width=\"289\" height=\"315\" srcset=\"https:\/\/agora.xtec.cat\/iesesteveterradas\/wp-content\/uploads\/usu855\/twit.png 583w, https:\/\/agora.xtec.cat\/iesesteveterradas\/wp-content\/uploads\/usu855\/twit-276x300.png 276w\" sizes=\"auto, (max-width: 289px) 100vw, 289px\" \/><\/td>\n<\/tr>\n<\/tbody>\n<\/table>\n<p><strong>Col\u00b7labora el Citilab<\/strong><\/p>\n<p>Un any m\u00e9s, el Citilab col\u00b7labora amb els projectes de l&#8217;Esteve Terradas i Illa, enfocat a que tingui un retorn a la ciutat. Entre els nombrosos recursos que ofereixen, han posat a disposici\u00f3 d&#8217;Holopix el plat\u00f3 de les seves instal\u00b7lacions.<\/p>\n<table style=\"border-collapse: collapse; width: 100%;\">\n<tbody>\n<tr>\n<td style=\"width: 50%;\"><img decoding=\"async\" src=\"https:\/\/pbs.twimg.com\/media\/GEtZv2WX0AAXuGt?format=jpg&amp;name=4096x4096\" alt=\"Imatge\" \/><\/td>\n<td style=\"width: 50%;\"><img decoding=\"async\" src=\"https:\/\/pbs.twimg.com\/media\/GEtZv1dXoAAXc5w?format=jpg&amp;name=4096x4096\" alt=\"Imatge\" \/><\/td>\n<\/tr>\n<\/tbody>\n<\/table>\n<p><strong>\u00bfVols saber-ne m\u00e9s?<\/strong><\/p>\n<p>Aviat publicarem m\u00e9s novetats, i us animem a seguir-nos a les <strong><a href=\"https:\/\/twitter.com\/holopiix\">xarxes socials<\/a><\/strong>.<\/p>\n<table style=\"border-collapse: collapse; width: 100%;\">\n<tbody>\n<tr>\n<td style=\"width: 100%;\"><iframe loading=\"lazy\" src=\"\/\/www.youtube.com\/embed\/2_6wVBZRhdc\" width=\"560\" height=\"314\" allowfullscreen=\"allowfullscreen\"><\/iframe><\/td>\n<\/tr>\n<\/tbody>\n<\/table>\n","protected":false},"excerpt":{"rendered":"<p>L&#8217;objectiu del projecte &#8220;Holopix&#8221; \u00e9s millorar la comunicaci\u00f3 a dist\u00e0ncia donant el valor que correspon a la comunicaci\u00f3 no verbal.&hellip;  <a href=\"https:\/\/agora.xtec.cat\/iesesteveterradas\/general\/holopix-crea-els-primers-hologrames\/\" title=\"Read Holopix crea els primers hologrames\">Llegeix m\u00e9s\u00bb<\/a><\/p>\n","protected":false},"author":14,"featured_media":14793,"comment_status":"closed","ping_status":"closed","sticky":false,"template":"","format":"standard","meta":{"_bbp_topic_count":0,"_bbp_reply_count":0,"_bbp_total_topic_count":0,"_bbp_total_reply_count":0,"_bbp_voice_count":0,"_bbp_anonymous_reply_count":0,"_bbp_topic_count_hidden":0,"_bbp_reply_count_hidden":0,"_bbp_forum_subforum_count":0,"footnotes":""},"categories":[113,30,1,29,368],"tags":[],"class_list":["post-14791","post","type-post","status-publish","format-standard","has-post-thumbnail","hentry","category-administracio_empreses","category-cicles-formatius","category-general","category-portada","category-portada-ca"],"post_mailing_queue_ids":[],"_links":{"self":[{"href":"https:\/\/agora.xtec.cat\/iesesteveterradas\/wp-json\/wp\/v2\/posts\/14791","targetHints":{"allow":["GET"]}}],"collection":[{"href":"https:\/\/agora.xtec.cat\/iesesteveterradas\/wp-json\/wp\/v2\/posts"}],"about":[{"href":"https:\/\/agora.xtec.cat\/iesesteveterradas\/wp-json\/wp\/v2\/types\/post"}],"author":[{"embeddable":true,"href":"https:\/\/agora.xtec.cat\/iesesteveterradas\/wp-json\/wp\/v2\/users\/14"}],"replies":[{"embeddable":true,"href":"https:\/\/agora.xtec.cat\/iesesteveterradas\/wp-json\/wp\/v2\/comments?post=14791"}],"version-history":[{"count":4,"href":"https:\/\/agora.xtec.cat\/iesesteveterradas\/wp-json\/wp\/v2\/posts\/14791\/revisions"}],"predecessor-version":[{"id":14859,"href":"https:\/\/agora.xtec.cat\/iesesteveterradas\/wp-json\/wp\/v2\/posts\/14791\/revisions\/14859"}],"wp:featuredmedia":[{"embeddable":true,"href":"https:\/\/agora.xtec.cat\/iesesteveterradas\/wp-json\/wp\/v2\/media\/14793"}],"wp:attachment":[{"href":"https:\/\/agora.xtec.cat\/iesesteveterradas\/wp-json\/wp\/v2\/media?parent=14791"}],"wp:term":[{"taxonomy":"category","embeddable":true,"href":"https:\/\/agora.xtec.cat\/iesesteveterradas\/wp-json\/wp\/v2\/categories?post=14791"},{"taxonomy":"post_tag","embeddable":true,"href":"https:\/\/agora.xtec.cat\/iesesteveterradas\/wp-json\/wp\/v2\/tags?post=14791"}],"curies":[{"name":"wp","href":"https:\/\/api.w.org\/{rel}","templated":true}]}}