{"id":14459,"date":"2023-12-04T09:57:10","date_gmt":"2023-12-04T08:57:10","guid":{"rendered":"https:\/\/agora.xtec.cat\/iesesteveterradas\/?p=14459"},"modified":"2023-12-10T18:48:17","modified_gmt":"2023-12-10T17:48:17","slug":"audi-tooling-convida-a-lesteve-pel-seu-20-aniversari","status":"publish","type":"post","link":"https:\/\/agora.xtec.cat\/iesesteveterradas\/general\/audi-tooling-convida-a-lesteve-pel-seu-20-aniversari\/","title":{"rendered":"Audi Tooling convida a l&#8217;Esteve pel seu 20 aniversari"},"content":{"rendered":"<p>Aquests dies Audi Tooling Barcelona compleix 20 anys de la seva exist\u00e8ncia a la capital catalana, i el nostre Institut ha estat convidat a la celebraci\u00f3 per tant de temps d&#8217;aquesta exitosa relaci\u00f3.<img loading=\"lazy\" decoding=\"async\" class=\"alignleft size-full wp-image-14460\" src=\"https:\/\/agora.xtec.cat\/iesesteveterradas\/wp-content\/uploads\/usu855\/231110_ATB_85-2.jpg\" alt=\"\" width=\"2048\" height=\"1366\" srcset=\"https:\/\/agora.xtec.cat\/iesesteveterradas\/wp-content\/uploads\/usu855\/231110_ATB_85-2.jpg 2048w, https:\/\/agora.xtec.cat\/iesesteveterradas\/wp-content\/uploads\/usu855\/231110_ATB_85-2-300x200.jpg 300w, https:\/\/agora.xtec.cat\/iesesteveterradas\/wp-content\/uploads\/usu855\/231110_ATB_85-2-1024x683.jpg 1024w, https:\/\/agora.xtec.cat\/iesesteveterradas\/wp-content\/uploads\/usu855\/231110_ATB_85-2-768x512.jpg 768w, https:\/\/agora.xtec.cat\/iesesteveterradas\/wp-content\/uploads\/usu855\/231110_ATB_85-2-1536x1025.jpg 1536w\" sizes=\"auto, (max-width: 2048px) 100vw, 2048px\" \/><\/p>\n<p>Gr\u00e0cies a l&#8217;estreta col\u00b7laboraci\u00f3 entre\u00a0 ATB i l&#8217;ET, un gran nombre d&#8217;alumnat del CFGS de Programaci\u00f3 de la Producci\u00f3 en Fabricaci\u00f3 Mec\u00e0nica i del CFGS de Mecatr\u00f2nica Industrial ha pogut fer pr\u00e0ctiques DUALS a l&#8217;empresa, i posteriorment inserir-se laboralment en aquesta mateixa.<\/p>\n","protected":false},"excerpt":{"rendered":"<p>Aquests dies Audi Tooling Barcelona compleix 20 anys de la seva exist\u00e8ncia a la capital catalana, i el nostre Institut ha estat convidat a la celebraci\u00f3 per tant de temps d&#8217;aquesta exitosa relaci\u00f3.<br \/>\nGr\u00e0cies a l&#8217;estreta col\u00b7laboraci\u00f3 entre\u00a0 ATB i l&#8217;ET, un gran nombre d&#8217;alumnat del&hellip;  <a href=\"https:\/\/agora.xtec.cat\/iesesteveterradas\/general\/audi-tooling-convida-a-lesteve-pel-seu-20-aniversari\/\" title=\"Read Audi Tooling convida a l&#8217;Esteve pel seu 20 aniversari\">Llegeix m\u00e9s\u00bb<\/a><\/p>\n","protected":false},"author":6,"featured_media":0,"comment_status":"closed","ping_status":"closed","sticky":false,"template":"","format":"standard","meta":{"_bbp_topic_count":0,"_bbp_reply_count":0,"_bbp_total_topic_count":0,"_bbp_total_reply_count":0,"_bbp_voice_count":0,"_bbp_anonymous_reply_count":0,"_bbp_topic_count_hidden":0,"_bbp_reply_count_hidden":0,"_bbp_forum_subforum_count":0,"footnotes":""},"categories":[30,115,117,1,116,29,368],"tags":[],"class_list":["post-14459","post","type-post","status-publish","format-standard","hentry","category-cicles-formatius","category-escola_empresa","category-fabricacion_mecanica","category-general","category-manteniment_industrial","category-portada","category-portada-ca"],"post_mailing_queue_ids":[],"_links":{"self":[{"href":"https:\/\/agora.xtec.cat\/iesesteveterradas\/wp-json\/wp\/v2\/posts\/14459","targetHints":{"allow":["GET"]}}],"collection":[{"href":"https:\/\/agora.xtec.cat\/iesesteveterradas\/wp-json\/wp\/v2\/posts"}],"about":[{"href":"https:\/\/agora.xtec.cat\/iesesteveterradas\/wp-json\/wp\/v2\/types\/post"}],"author":[{"embeddable":true,"href":"https:\/\/agora.xtec.cat\/iesesteveterradas\/wp-json\/wp\/v2\/users\/6"}],"replies":[{"embeddable":true,"href":"https:\/\/agora.xtec.cat\/iesesteveterradas\/wp-json\/wp\/v2\/comments?post=14459"}],"version-history":[{"count":5,"href":"https:\/\/agora.xtec.cat\/iesesteveterradas\/wp-json\/wp\/v2\/posts\/14459\/revisions"}],"predecessor-version":[{"id":14513,"href":"https:\/\/agora.xtec.cat\/iesesteveterradas\/wp-json\/wp\/v2\/posts\/14459\/revisions\/14513"}],"wp:attachment":[{"href":"https:\/\/agora.xtec.cat\/iesesteveterradas\/wp-json\/wp\/v2\/media?parent=14459"}],"wp:term":[{"taxonomy":"category","embeddable":true,"href":"https:\/\/agora.xtec.cat\/iesesteveterradas\/wp-json\/wp\/v2\/categories?post=14459"},{"taxonomy":"post_tag","embeddable":true,"href":"https:\/\/agora.xtec.cat\/iesesteveterradas\/wp-json\/wp\/v2\/tags?post=14459"}],"curies":[{"name":"wp","href":"https:\/\/api.w.org\/{rel}","templated":true}]}}