{"id":13251,"date":"2023-03-27T09:35:31","date_gmt":"2023-03-27T07:35:31","guid":{"rendered":"https:\/\/agora.xtec.cat\/iesesteveterradas\/?p=13251"},"modified":"2023-03-27T09:35:31","modified_gmt":"2023-03-27T07:35:31","slug":"el-club-vr-a-la-jornada-apropa","status":"publish","type":"post","link":"https:\/\/agora.xtec.cat\/iesesteveterradas\/general\/el-club-vr-a-la-jornada-apropa\/","title":{"rendered":"El Club VR a la Jornada APROPA"},"content":{"rendered":"<p style=\"text-align: justify;\"><img loading=\"lazy\" decoding=\"async\" class=\"size-large wp-image-13252 alignleft\" src=\"https:\/\/agora.xtec.cat\/iesesteveterradas\/wp-content\/uploads\/usu855\/image1-6-576x1024.jpeg\" alt=\"\" width=\"576\" height=\"1024\" srcset=\"https:\/\/agora.xtec.cat\/iesesteveterradas\/wp-content\/uploads\/usu855\/image1-6-576x1024.jpeg 576w, https:\/\/agora.xtec.cat\/iesesteveterradas\/wp-content\/uploads\/usu855\/image1-6-169x300.jpeg 169w, https:\/\/agora.xtec.cat\/iesesteveterradas\/wp-content\/uploads\/usu855\/image1-6-768x1366.jpeg 768w, https:\/\/agora.xtec.cat\/iesesteveterradas\/wp-content\/uploads\/usu855\/image1-6-864x1536.jpeg 864w, https:\/\/agora.xtec.cat\/iesesteveterradas\/wp-content\/uploads\/usu855\/image1-6-1152x2048.jpeg 1152w, https:\/\/agora.xtec.cat\/iesesteveterradas\/wp-content\/uploads\/usu855\/image1-6-scaled.jpeg 1440w\" sizes=\"auto, (max-width: 576px) 100vw, 576px\" \/><\/p>\n<p style=\"text-align: justify;\">Dimecres 22 de mar\u00e7 es va celebrar una nova edici\u00f3 de la Fira APROPA, la fira d&#8217;Accions Pel Reciclatge i l&#8217;Orientaci\u00f3 Professional i Acad\u00e8mica organitzada per l&#8217;Ajuntament per oferir orientaci\u00f3 i assessorament formatiu a joves i fam\u00edlies de la ciutat.<\/p>\n<p>La pla\u00e7a Can Suris i el\u00a0<span class=\"hiddenSpellError\">Citilab<\/span>\u00a0var ser novament l&#8217;empla\u00e7ament on instituts de la ciutat i entitats formatives oferiran tallers informatius i accions perqu\u00e8 els nois i noies de la ciutat comencin a trobar alternatives formatives un cop finalitzada la formaci\u00f3 obligat\u00f2ria.<\/p>\n<p>Els alumnes del club\u00a0<span class=\"hiddenSpellError\">VR<\/span>\u00a0participen, com a convidats, en\u00a0l&#8217;esdeveniment, fent demostracions de la realitat 3D i convidant a participar de\u00a0l&#8217;experi\u00e8ncia\u00a0als alumnes assistents.<\/p>\n<p>&nbsp;<\/p>\n<p>&nbsp;<\/p>\n<p style=\"text-align: left;\"><!--more--><img loading=\"lazy\" decoding=\"async\" class=\"size-large wp-image-13253 aligncenter\" src=\"https:\/\/agora.xtec.cat\/iesesteveterradas\/wp-content\/uploads\/usu855\/IMG_20230322_111838-1024x577.jpg\" alt=\"\" width=\"1024\" height=\"577\" srcset=\"https:\/\/agora.xtec.cat\/iesesteveterradas\/wp-content\/uploads\/usu855\/IMG_20230322_111838-1024x577.jpg 1024w, https:\/\/agora.xtec.cat\/iesesteveterradas\/wp-content\/uploads\/usu855\/IMG_20230322_111838-300x169.jpg 300w, https:\/\/agora.xtec.cat\/iesesteveterradas\/wp-content\/uploads\/usu855\/IMG_20230322_111838-768x432.jpg 768w, https:\/\/agora.xtec.cat\/iesesteveterradas\/wp-content\/uploads\/usu855\/IMG_20230322_111838-1536x865.jpg 1536w, https:\/\/agora.xtec.cat\/iesesteveterradas\/wp-content\/uploads\/usu855\/IMG_20230322_111838-2048x1153.jpg 2048w\" sizes=\"auto, (max-width: 1024px) 100vw, 1024px\" \/><\/p>\n","protected":false},"excerpt":{"rendered":"<p>Dimecres 22 de mar\u00e7 es va celebrar una nova edici\u00f3 de la Fira APROPA, la fira d&#8217;Accions Pel Reciclatge i l&#8217;Orientaci\u00f3 Professional i Acad\u00e8mica organitzada per l&#8217;Ajuntament per oferir orientaci\u00f3 i assessorament formatiu a joves i fam\u00edlies de la ciutat.<br \/>\nLa pla\u00e7a Can Suris i el\u00a0Citilab\u00a0var&hellip;  <a href=\"https:\/\/agora.xtec.cat\/iesesteveterradas\/general\/el-club-vr-a-la-jornada-apropa\/\" title=\"Read El Club VR a la Jornada APROPA\">Llegeix m\u00e9s\u00bb<\/a><\/p>\n","protected":false},"author":3,"featured_media":13252,"comment_status":"closed","ping_status":"closed","sticky":false,"template":"","format":"standard","meta":{"_bbp_topic_count":0,"_bbp_reply_count":0,"_bbp_total_topic_count":0,"_bbp_total_reply_count":0,"_bbp_voice_count":0,"_bbp_anonymous_reply_count":0,"_bbp_topic_count_hidden":0,"_bbp_reply_count_hidden":0,"_bbp_forum_subforum_count":0,"footnotes":""},"categories":[30,1,109,29],"tags":[],"class_list":["post-13251","post","type-post","status-publish","format-standard","has-post-thumbnail","hentry","category-cicles-formatius","category-general","category-informatica","category-portada"],"post_mailing_queue_ids":[],"_links":{"self":[{"href":"https:\/\/agora.xtec.cat\/iesesteveterradas\/wp-json\/wp\/v2\/posts\/13251","targetHints":{"allow":["GET"]}}],"collection":[{"href":"https:\/\/agora.xtec.cat\/iesesteveterradas\/wp-json\/wp\/v2\/posts"}],"about":[{"href":"https:\/\/agora.xtec.cat\/iesesteveterradas\/wp-json\/wp\/v2\/types\/post"}],"author":[{"embeddable":true,"href":"https:\/\/agora.xtec.cat\/iesesteveterradas\/wp-json\/wp\/v2\/users\/3"}],"replies":[{"embeddable":true,"href":"https:\/\/agora.xtec.cat\/iesesteveterradas\/wp-json\/wp\/v2\/comments?post=13251"}],"version-history":[{"count":3,"href":"https:\/\/agora.xtec.cat\/iesesteveterradas\/wp-json\/wp\/v2\/posts\/13251\/revisions"}],"predecessor-version":[{"id":13262,"href":"https:\/\/agora.xtec.cat\/iesesteveterradas\/wp-json\/wp\/v2\/posts\/13251\/revisions\/13262"}],"wp:featuredmedia":[{"embeddable":true,"href":"https:\/\/agora.xtec.cat\/iesesteveterradas\/wp-json\/wp\/v2\/media\/13252"}],"wp:attachment":[{"href":"https:\/\/agora.xtec.cat\/iesesteveterradas\/wp-json\/wp\/v2\/media?parent=13251"}],"wp:term":[{"taxonomy":"category","embeddable":true,"href":"https:\/\/agora.xtec.cat\/iesesteveterradas\/wp-json\/wp\/v2\/categories?post=13251"},{"taxonomy":"post_tag","embeddable":true,"href":"https:\/\/agora.xtec.cat\/iesesteveterradas\/wp-json\/wp\/v2\/tags?post=13251"}],"curies":[{"name":"wp","href":"https:\/\/api.w.org\/{rel}","templated":true}]}}