{"id":12753,"date":"2022-12-13T09:31:10","date_gmt":"2022-12-13T08:31:10","guid":{"rendered":"https:\/\/agora.xtec.cat\/iesesteveterradas\/?p=12753"},"modified":"2022-12-13T09:31:10","modified_gmt":"2022-12-13T08:31:10","slug":"cloenda-curs-project-3loe-water-supply-technologies","status":"publish","type":"post","link":"https:\/\/agora.xtec.cat\/iesesteveterradas\/general\/cloenda-curs-project-3loe-water-supply-technologies\/","title":{"rendered":"Cloenda Curs Project 3Loe &#8211; Water Supply Technologies"},"content":{"rendered":"<p><img loading=\"lazy\" decoding=\"async\" class=\"size-full wp-image-12756 aligncenter\" src=\"https:\/\/agora.xtec.cat\/iesesteveterradas\/wp-content\/uploads\/usu855\/3loe-logo_p.jpg\" alt=\"\" width=\"166\" height=\"100\" \/><\/p>\n<p>Durant els mesos d\u2019octubre i novembre, ambd\u00f3s grups de Cicle Formatiu de Grau Superior de Gesti\u00f3 d\u2019aig\u00fces, han realitzat una formaci\u00f3 especifica relacionada amb la Gesti\u00f3 de reciclatges i l\u2019Economia Verda. En aquest per\u00edode s\u2019han dedicat a analitzar els processos de reciclatges en diferents \u00e0mbits, reflexionar sobre la situaci\u00f3 actual i debatre quin \u00e9s el futur de cap ha d\u2019anar la societat juntament amb les empreses.<\/p>\n<p><img loading=\"lazy\" decoding=\"async\" class=\"alignnone wp-image-12754 alignleft\" src=\"https:\/\/agora.xtec.cat\/iesesteveterradas\/wp-content\/uploads\/usu855\/IMG_20221125_154555_2-1024x769.jpg\" alt=\"\" width=\"455\" height=\"342\" srcset=\"https:\/\/agora.xtec.cat\/iesesteveterradas\/wp-content\/uploads\/usu855\/IMG_20221125_154555_2-1024x769.jpg 1024w, https:\/\/agora.xtec.cat\/iesesteveterradas\/wp-content\/uploads\/usu855\/IMG_20221125_154555_2-300x225.jpg 300w, https:\/\/agora.xtec.cat\/iesesteveterradas\/wp-content\/uploads\/usu855\/IMG_20221125_154555_2-768x577.jpg 768w, https:\/\/agora.xtec.cat\/iesesteveterradas\/wp-content\/uploads\/usu855\/IMG_20221125_154555_2-1536x1154.jpg 1536w, https:\/\/agora.xtec.cat\/iesesteveterradas\/wp-content\/uploads\/usu855\/IMG_20221125_154555_2-200x150.jpg 200w, https:\/\/agora.xtec.cat\/iesesteveterradas\/wp-content\/uploads\/usu855\/IMG_20221125_154555_2.jpg 2001w\" sizes=\"auto, (max-width: 455px) 100vw, 455px\" \/>\u00a0 \u00a0 \u00a0<img loading=\"lazy\" decoding=\"async\" class=\"alignnone wp-image-12755 alignleft\" src=\"https:\/\/agora.xtec.cat\/iesesteveterradas\/wp-content\/uploads\/usu855\/IMG_20221125_183316_2-1024x769.jpg\" alt=\"\" width=\"454\" height=\"341\" srcset=\"https:\/\/agora.xtec.cat\/iesesteveterradas\/wp-content\/uploads\/usu855\/IMG_20221125_183316_2-1024x769.jpg 1024w, https:\/\/agora.xtec.cat\/iesesteveterradas\/wp-content\/uploads\/usu855\/IMG_20221125_183316_2-300x225.jpg 300w, https:\/\/agora.xtec.cat\/iesesteveterradas\/wp-content\/uploads\/usu855\/IMG_20221125_183316_2-768x577.jpg 768w, https:\/\/agora.xtec.cat\/iesesteveterradas\/wp-content\/uploads\/usu855\/IMG_20221125_183316_2-1536x1154.jpg 1536w, https:\/\/agora.xtec.cat\/iesesteveterradas\/wp-content\/uploads\/usu855\/IMG_20221125_183316_2-200x150.jpg 200w, https:\/\/agora.xtec.cat\/iesesteveterradas\/wp-content\/uploads\/usu855\/IMG_20221125_183316_2.jpg 2001w\" sizes=\"auto, (max-width: 454px) 100vw, 454px\" \/><\/p>\n","protected":false},"excerpt":{"rendered":"<p>Durant els mesos d\u2019octubre i novembre, ambd\u00f3s grups de Cicle Formatiu de Grau Superior de Gesti\u00f3 d\u2019aig\u00fces, han realitzat una formaci\u00f3 especifica relacionada amb la Gesti\u00f3 de reciclatges i l\u2019Economia Verda. En aquest per\u00edode s\u2019han dedicat a analitzar els processos de reciclatges en diferents \u00e0mbits,&hellip;  <a href=\"https:\/\/agora.xtec.cat\/iesesteveterradas\/general\/cloenda-curs-project-3loe-water-supply-technologies\/\" title=\"Read Cloenda Curs Project 3Loe &#8211; Water Supply Technologies\">Llegeix m\u00e9s\u00bb<\/a><\/p>\n","protected":false},"author":52,"featured_media":12755,"comment_status":"closed","ping_status":"closed","sticky":false,"template":"","format":"standard","meta":{"_bbp_topic_count":0,"_bbp_reply_count":0,"_bbp_total_topic_count":0,"_bbp_total_reply_count":0,"_bbp_voice_count":0,"_bbp_anonymous_reply_count":0,"_bbp_topic_count_hidden":0,"_bbp_reply_count_hidden":0,"_bbp_forum_subforum_count":0,"footnotes":""},"categories":[30,510,1,29],"tags":[],"class_list":["post-12753","post","type-post","status-publish","format-standard","has-post-thumbnail","hentry","category-cicles-formatius","category-energia","category-general","category-portada"],"post_mailing_queue_ids":[],"_links":{"self":[{"href":"https:\/\/agora.xtec.cat\/iesesteveterradas\/wp-json\/wp\/v2\/posts\/12753","targetHints":{"allow":["GET"]}}],"collection":[{"href":"https:\/\/agora.xtec.cat\/iesesteveterradas\/wp-json\/wp\/v2\/posts"}],"about":[{"href":"https:\/\/agora.xtec.cat\/iesesteveterradas\/wp-json\/wp\/v2\/types\/post"}],"author":[{"embeddable":true,"href":"https:\/\/agora.xtec.cat\/iesesteveterradas\/wp-json\/wp\/v2\/users\/52"}],"replies":[{"embeddable":true,"href":"https:\/\/agora.xtec.cat\/iesesteveterradas\/wp-json\/wp\/v2\/comments?post=12753"}],"version-history":[{"count":1,"href":"https:\/\/agora.xtec.cat\/iesesteveterradas\/wp-json\/wp\/v2\/posts\/12753\/revisions"}],"predecessor-version":[{"id":12757,"href":"https:\/\/agora.xtec.cat\/iesesteveterradas\/wp-json\/wp\/v2\/posts\/12753\/revisions\/12757"}],"wp:featuredmedia":[{"embeddable":true,"href":"https:\/\/agora.xtec.cat\/iesesteveterradas\/wp-json\/wp\/v2\/media\/12755"}],"wp:attachment":[{"href":"https:\/\/agora.xtec.cat\/iesesteveterradas\/wp-json\/wp\/v2\/media?parent=12753"}],"wp:term":[{"taxonomy":"category","embeddable":true,"href":"https:\/\/agora.xtec.cat\/iesesteveterradas\/wp-json\/wp\/v2\/categories?post=12753"},{"taxonomy":"post_tag","embeddable":true,"href":"https:\/\/agora.xtec.cat\/iesesteveterradas\/wp-json\/wp\/v2\/tags?post=12753"}],"curies":[{"name":"wp","href":"https:\/\/api.w.org\/{rel}","templated":true}]}}