{"id":12130,"date":"2022-06-28T00:09:54","date_gmt":"2022-06-27T22:09:54","guid":{"rendered":"https:\/\/agora.xtec.cat\/iesesteveterradas\/?p=12130"},"modified":"2022-06-28T00:09:54","modified_gmt":"2022-06-27T22:09:54","slug":"the-ieti-show-conquereix-terrassa","status":"publish","type":"post","link":"https:\/\/agora.xtec.cat\/iesesteveterradas\/general\/the-ieti-show-conquereix-terrassa\/","title":{"rendered":"The IETI Show conquereix Terrassa"},"content":{"rendered":"<p>The IETI Show, el 1r canal Stream de la FP catalana, triomfa en la 16e edici\u00f3 dels Premis Noves i Nous Professionals de Terrassa assolint el 1r lloc en la categoria de projecte innovador de Grau Superior. L&#8217;acte es va celebrar, el passat dimarts 21 de juny, al pati central de la Patronal de Terrassa amb la participaci\u00f3 de m\u00e9s de 120 persones.<\/p>\n<p>Aquests premis, creats al 2005 per l&#8217;Ajuntament de Terrassa i el Consell de la Formaci\u00f3 Professional de Terrassa amb la col\u00b7laboraci\u00f3 de la Cecot, pretenen motivar i promoure l&#8217;esperit emprenedor, innovador i creatiu de les persones que estan cursant Cicles Formatius de qualsevol fam\u00edlia professional aix\u00ed com els Programes de Formaci\u00f3 i Inserci\u00f3 (PFI) mitjan\u00e7ant el reconeixement p\u00fablic de projectes individuals o col\u00b7lectius.<\/p>\n<p>Enlla\u00e7 al canal: <a href=\"https:\/\/www.youtube.com\/channel\/UC-3me6pQPeDk8Nshrm8seFQ\">https:\/\/www.youtube.com\/channel\/UC-3me6pQPeDk8Nshrm8seFQ<\/a><\/p>\n<p><img loading=\"lazy\" decoding=\"async\" class=\"alignnone wp-image-12131\" src=\"https:\/\/agora.xtec.cat\/iesesteveterradas\/wp-content\/uploads\/usu855\/013-Premi-03B-rc-1024x682.jpg\" alt=\"\" width=\"473\" height=\"315\" srcset=\"https:\/\/agora.xtec.cat\/iesesteveterradas\/wp-content\/uploads\/usu855\/013-Premi-03B-rc-1024x682.jpg 1024w, https:\/\/agora.xtec.cat\/iesesteveterradas\/wp-content\/uploads\/usu855\/013-Premi-03B-rc-300x200.jpg 300w, https:\/\/agora.xtec.cat\/iesesteveterradas\/wp-content\/uploads\/usu855\/013-Premi-03B-rc-768x512.jpg 768w, https:\/\/agora.xtec.cat\/iesesteveterradas\/wp-content\/uploads\/usu855\/013-Premi-03B-rc-1536x1024.jpg 1536w, https:\/\/agora.xtec.cat\/iesesteveterradas\/wp-content\/uploads\/usu855\/013-Premi-03B-rc.jpg 1772w\" sizes=\"auto, (max-width: 473px) 100vw, 473px\" \/>\u00a0<img loading=\"lazy\" decoding=\"async\" class=\"alignnone wp-image-12135\" src=\"https:\/\/agora.xtec.cat\/iesesteveterradas\/wp-content\/uploads\/usu855\/032-Grup-rc-1024x682.jpg\" alt=\"\" width=\"475\" height=\"316\" srcset=\"https:\/\/agora.xtec.cat\/iesesteveterradas\/wp-content\/uploads\/usu855\/032-Grup-rc-1024x682.jpg 1024w, https:\/\/agora.xtec.cat\/iesesteveterradas\/wp-content\/uploads\/usu855\/032-Grup-rc-300x200.jpg 300w, https:\/\/agora.xtec.cat\/iesesteveterradas\/wp-content\/uploads\/usu855\/032-Grup-rc-768x512.jpg 768w, https:\/\/agora.xtec.cat\/iesesteveterradas\/wp-content\/uploads\/usu855\/032-Grup-rc-1536x1024.jpg 1536w, https:\/\/agora.xtec.cat\/iesesteveterradas\/wp-content\/uploads\/usu855\/032-Grup-rc.jpg 1772w\" sizes=\"auto, (max-width: 475px) 100vw, 475px\" \/><\/p>\n","protected":false},"excerpt":{"rendered":"<p>The IETI Show, el 1r canal Stream de la FP catalana, triomfa en la 16e edici\u00f3 dels Premis Noves i Nous Professionals de Terrassa assolint el 1r lloc en la categoria de projecte innovador de Grau Superior. L&#8217;acte es va celebrar, el passat dimarts 21&hellip;  <a href=\"https:\/\/agora.xtec.cat\/iesesteveterradas\/general\/the-ieti-show-conquereix-terrassa\/\" title=\"Read The IETI Show conquereix Terrassa\">Llegeix m\u00e9s\u00bb<\/a><\/p>\n","protected":false},"author":14,"featured_media":12131,"comment_status":"closed","ping_status":"closed","sticky":false,"template":"","format":"standard","meta":{"_bbp_topic_count":0,"_bbp_reply_count":0,"_bbp_total_topic_count":0,"_bbp_total_reply_count":0,"_bbp_voice_count":0,"_bbp_anonymous_reply_count":0,"_bbp_topic_count_hidden":0,"_bbp_reply_count_hidden":0,"_bbp_forum_subforum_count":0,"footnotes":""},"categories":[113,30,147,151,1,159,29,368],"tags":[],"class_list":["post-12130","post","type-post","status-publish","format-standard","has-post-thumbnail","hentry","category-administracio_empreses","category-cicles-formatius","category-coordinacions","category-emprenedoria","category-general","category-innovacio","category-portada","category-portada-ca"],"post_mailing_queue_ids":[],"_links":{"self":[{"href":"https:\/\/agora.xtec.cat\/iesesteveterradas\/wp-json\/wp\/v2\/posts\/12130","targetHints":{"allow":["GET"]}}],"collection":[{"href":"https:\/\/agora.xtec.cat\/iesesteveterradas\/wp-json\/wp\/v2\/posts"}],"about":[{"href":"https:\/\/agora.xtec.cat\/iesesteveterradas\/wp-json\/wp\/v2\/types\/post"}],"author":[{"embeddable":true,"href":"https:\/\/agora.xtec.cat\/iesesteveterradas\/wp-json\/wp\/v2\/users\/14"}],"replies":[{"embeddable":true,"href":"https:\/\/agora.xtec.cat\/iesesteveterradas\/wp-json\/wp\/v2\/comments?post=12130"}],"version-history":[{"count":3,"href":"https:\/\/agora.xtec.cat\/iesesteveterradas\/wp-json\/wp\/v2\/posts\/12130\/revisions"}],"predecessor-version":[{"id":12150,"href":"https:\/\/agora.xtec.cat\/iesesteveterradas\/wp-json\/wp\/v2\/posts\/12130\/revisions\/12150"}],"wp:featuredmedia":[{"embeddable":true,"href":"https:\/\/agora.xtec.cat\/iesesteveterradas\/wp-json\/wp\/v2\/media\/12131"}],"wp:attachment":[{"href":"https:\/\/agora.xtec.cat\/iesesteveterradas\/wp-json\/wp\/v2\/media?parent=12130"}],"wp:term":[{"taxonomy":"category","embeddable":true,"href":"https:\/\/agora.xtec.cat\/iesesteveterradas\/wp-json\/wp\/v2\/categories?post=12130"},{"taxonomy":"post_tag","embeddable":true,"href":"https:\/\/agora.xtec.cat\/iesesteveterradas\/wp-json\/wp\/v2\/tags?post=12130"}],"curies":[{"name":"wp","href":"https:\/\/api.w.org\/{rel}","templated":true}]}}