{"id":11961,"date":"2022-05-30T12:05:04","date_gmt":"2022-05-30T10:05:04","guid":{"rendered":"https:\/\/agora.xtec.cat\/iesesteveterradas\/?p=11961"},"modified":"2022-05-30T16:02:56","modified_gmt":"2022-05-30T14:02:56","slug":"3-premis-impuls-fp-per-al-esteve-terradas","status":"publish","type":"post","link":"https:\/\/agora.xtec.cat\/iesesteveterradas\/general\/3-premis-impuls-fp-per-al-esteve-terradas\/","title":{"rendered":"3 premis Impuls FP per a l&#8217;Esteve Terradas"},"content":{"rendered":"<p><img loading=\"lazy\" decoding=\"async\" class=\"wp-image-11962 aligncenter\" src=\"https:\/\/agora.xtec.cat\/iesesteveterradas\/wp-content\/uploads\/usu855\/SCAN0450-2-1024x726.jpg\" alt=\"\" width=\"840\" height=\"596\" srcset=\"https:\/\/agora.xtec.cat\/iesesteveterradas\/wp-content\/uploads\/usu855\/SCAN0450-2-1024x726.jpg 1024w, https:\/\/agora.xtec.cat\/iesesteveterradas\/wp-content\/uploads\/usu855\/SCAN0450-2-300x213.jpg 300w, https:\/\/agora.xtec.cat\/iesesteveterradas\/wp-content\/uploads\/usu855\/SCAN0450-2-768x544.jpg 768w, https:\/\/agora.xtec.cat\/iesesteveterradas\/wp-content\/uploads\/usu855\/SCAN0450-2-1536x1089.jpg 1536w, https:\/\/agora.xtec.cat\/iesesteveterradas\/wp-content\/uploads\/usu855\/SCAN0450-2-2048x1452.jpg 2048w\" sizes=\"auto, (max-width: 840px) 100vw, 840px\" \/><\/p>\n<p style=\"text-align: justify;\">L&#8217;institut Esteve Terradas i Illa\u00a0 ha obtingut 3 reconeixements en l&#8217;edici\u00f3 dels premis ImpulsFP del Baix Llobregat d&#8217;enguany:<\/p>\n<p>1r premi categoria d&#8217;excel\u00b7l\u00e8ncia professional de CFGS per al projecte classVRroom, del Deptarment\u00a0 d&#8217;Inform\u00e0tica (coordinat per Enric Mieza) en col\u00b7laboraci\u00f3 amb Arts Gr\u00e0fiques de l&#8217;Antoni Alguer\u00f3.<\/p>\n<p>1r premi categoria d&#8217;emprenedoria de CFGS per al projecte The IETI Show, un canal de streaming a Youtube organitzat per l&#8217;alumnat d&#8217;administratiu (coordinaci\u00f3 Llu\u00eds del Castillo).<\/p>\n<p>2n premi categoria de innovaci\u00f3 de CFGS per a la marca esportiva Lynx, amb beguda isot\u00f2nica i productes esportius com samarretes i jihab) que ha aplegat els alumnes del departament d&#8217;administratiu, inform\u00e0tica, i el d&#8217;arts gr\u00e0fiques de l&#8217;Antoni Alguer\u00f3 (a la foto Elisenda Bold\u00fa).<\/p>\n<p><!--more--><\/p>\n<p><img loading=\"lazy\" decoding=\"async\" class=\"size-full wp-image-11966 aligncenter\" src=\"https:\/\/agora.xtec.cat\/iesesteveterradas\/wp-content\/uploads\/usu855\/premis-impulsfp-elisenda-lynx-2.jpg\" alt=\"\" width=\"516\" height=\"368\" srcset=\"https:\/\/agora.xtec.cat\/iesesteveterradas\/wp-content\/uploads\/usu855\/premis-impulsfp-elisenda-lynx-2.jpg 516w, https:\/\/agora.xtec.cat\/iesesteveterradas\/wp-content\/uploads\/usu855\/premis-impulsfp-elisenda-lynx-2-300x214.jpg 300w\" sizes=\"auto, (max-width: 516px) 100vw, 516px\" \/> <img loading=\"lazy\" decoding=\"async\" class=\" wp-image-11965 aligncenter\" src=\"https:\/\/agora.xtec.cat\/iesesteveterradas\/wp-content\/uploads\/usu855\/premis-impulsfp-enric-classvrroom-2.jpg\" alt=\"\" width=\"514\" height=\"396\" srcset=\"https:\/\/agora.xtec.cat\/iesesteveterradas\/wp-content\/uploads\/usu855\/premis-impulsfp-enric-classvrroom-2.jpg 483w, https:\/\/agora.xtec.cat\/iesesteveterradas\/wp-content\/uploads\/usu855\/premis-impulsfp-enric-classvrroom-2-300x231.jpg 300w\" sizes=\"auto, (max-width: 514px) 100vw, 514px\" \/> <img loading=\"lazy\" decoding=\"async\" class=\" wp-image-11964 aligncenter\" src=\"https:\/\/agora.xtec.cat\/iesesteveterradas\/wp-content\/uploads\/usu855\/premis-impulsfp-lluis-theietishow-2.jpg\" alt=\"\" width=\"519\" height=\"382\" srcset=\"https:\/\/agora.xtec.cat\/iesesteveterradas\/wp-content\/uploads\/usu855\/premis-impulsfp-lluis-theietishow-2.jpg 524w, https:\/\/agora.xtec.cat\/iesesteveterradas\/wp-content\/uploads\/usu855\/premis-impulsfp-lluis-theietishow-2-300x221.jpg 300w\" sizes=\"auto, (max-width: 519px) 100vw, 519px\" \/> <img loading=\"lazy\" decoding=\"async\" class=\"wp-image-11963 aligncenter\" src=\"https:\/\/agora.xtec.cat\/iesesteveterradas\/wp-content\/uploads\/usu855\/premis-impulsfp-trofeu-1024x1024.jpg\" alt=\"\" width=\"519\" height=\"519\" srcset=\"https:\/\/agora.xtec.cat\/iesesteveterradas\/wp-content\/uploads\/usu855\/premis-impulsfp-trofeu-1024x1024.jpg 1024w, https:\/\/agora.xtec.cat\/iesesteveterradas\/wp-content\/uploads\/usu855\/premis-impulsfp-trofeu-300x300.jpg 300w, https:\/\/agora.xtec.cat\/iesesteveterradas\/wp-content\/uploads\/usu855\/premis-impulsfp-trofeu-150x150.jpg 150w, https:\/\/agora.xtec.cat\/iesesteveterradas\/wp-content\/uploads\/usu855\/premis-impulsfp-trofeu-768x768.jpg 768w, https:\/\/agora.xtec.cat\/iesesteveterradas\/wp-content\/uploads\/usu855\/premis-impulsfp-trofeu-1536x1536.jpg 1536w, https:\/\/agora.xtec.cat\/iesesteveterradas\/wp-content\/uploads\/usu855\/premis-impulsfp-trofeu-2048x2048.jpg 2048w\" sizes=\"auto, (max-width: 519px) 100vw, 519px\" \/><\/p>\n","protected":false},"excerpt":{"rendered":"<p>L&#8217;institut Esteve Terradas i Illa\u00a0 ha obtingut 3 reconeixements en l&#8217;edici\u00f3 dels premis ImpulsFP del Baix Llobregat d&#8217;enguany:<br \/>\n1r premi categoria d&#8217;excel\u00b7l\u00e8ncia professional de CFGS per al projecte classVRroom, del Deptarment\u00a0 d&#8217;Inform\u00e0tica (coordinat per Enric Mieza) en col\u00b7laboraci\u00f3 amb Arts Gr\u00e0fiques de l&#8217;Antoni Alguer\u00f3.<br \/>\n1r premi categoria&hellip;  <a href=\"https:\/\/agora.xtec.cat\/iesesteveterradas\/general\/3-premis-impuls-fp-per-al-esteve-terradas\/\" title=\"Read 3 premis Impuls FP per a l&#8217;Esteve Terradas\">Llegeix m\u00e9s\u00bb<\/a><\/p>\n","protected":false},"author":3,"featured_media":11962,"comment_status":"closed","ping_status":"closed","sticky":false,"template":"","format":"standard","meta":{"_bbp_topic_count":0,"_bbp_reply_count":0,"_bbp_total_topic_count":0,"_bbp_total_reply_count":0,"_bbp_voice_count":0,"_bbp_anonymous_reply_count":0,"_bbp_topic_count_hidden":0,"_bbp_reply_count_hidden":0,"_bbp_forum_subforum_count":0,"footnotes":""},"categories":[113,30,1,109,29],"tags":[],"class_list":["post-11961","post","type-post","status-publish","format-standard","has-post-thumbnail","hentry","category-administracio_empreses","category-cicles-formatius","category-general","category-informatica","category-portada"],"post_mailing_queue_ids":[],"_links":{"self":[{"href":"https:\/\/agora.xtec.cat\/iesesteveterradas\/wp-json\/wp\/v2\/posts\/11961","targetHints":{"allow":["GET"]}}],"collection":[{"href":"https:\/\/agora.xtec.cat\/iesesteveterradas\/wp-json\/wp\/v2\/posts"}],"about":[{"href":"https:\/\/agora.xtec.cat\/iesesteveterradas\/wp-json\/wp\/v2\/types\/post"}],"author":[{"embeddable":true,"href":"https:\/\/agora.xtec.cat\/iesesteveterradas\/wp-json\/wp\/v2\/users\/3"}],"replies":[{"embeddable":true,"href":"https:\/\/agora.xtec.cat\/iesesteveterradas\/wp-json\/wp\/v2\/comments?post=11961"}],"version-history":[{"count":3,"href":"https:\/\/agora.xtec.cat\/iesesteveterradas\/wp-json\/wp\/v2\/posts\/11961\/revisions"}],"predecessor-version":[{"id":11984,"href":"https:\/\/agora.xtec.cat\/iesesteveterradas\/wp-json\/wp\/v2\/posts\/11961\/revisions\/11984"}],"wp:featuredmedia":[{"embeddable":true,"href":"https:\/\/agora.xtec.cat\/iesesteveterradas\/wp-json\/wp\/v2\/media\/11962"}],"wp:attachment":[{"href":"https:\/\/agora.xtec.cat\/iesesteveterradas\/wp-json\/wp\/v2\/media?parent=11961"}],"wp:term":[{"taxonomy":"category","embeddable":true,"href":"https:\/\/agora.xtec.cat\/iesesteveterradas\/wp-json\/wp\/v2\/categories?post=11961"},{"taxonomy":"post_tag","embeddable":true,"href":"https:\/\/agora.xtec.cat\/iesesteveterradas\/wp-json\/wp\/v2\/tags?post=11961"}],"curies":[{"name":"wp","href":"https:\/\/api.w.org\/{rel}","templated":true}]}}