{"id":11833,"date":"2022-05-12T11:41:25","date_gmt":"2022-05-12T09:41:25","guid":{"rendered":"https:\/\/agora.xtec.cat\/iesesteveterradas\/?p=11833"},"modified":"2022-05-12T11:41:25","modified_gmt":"2022-05-12T09:41:25","slug":"pro-hijab-el-nou-producte-de-lynx","status":"publish","type":"post","link":"https:\/\/agora.xtec.cat\/iesesteveterradas\/general\/pro-hijab-el-nou-producte-de-lynx\/","title":{"rendered":"Pro Hijab: el nou producte de LYNX"},"content":{"rendered":"<p>La marca LYNX ha fet un pas endavant en el seu cataleg innovador de productes creant el Pro Hijab, un mocador esportiu per a persones musulmanes que s&#8217;ajusta a les necessitats que la pr\u00e0ctica esportiva requereix. Cosit en el taller de la Xarxa de Dones Cosidores de Barcelona (Carrer Canig\u00f3 137) el Pro Hijab est\u00e0 a l&#8217;al\u00e7ada, tant a nivell qualitatiu com est\u00e8tic, d&#8217;altres productes similars d&#8217;empreses multinacionals com Adidas o Nike.<\/p>\n<p>L&#8217;objectiu principal del producte \u00e9s resoldre les necessitats esportives de persones que lliurament (remarquem aquesta circumst\u00e0nica) han escollit una opci\u00f3 de vida i que per no tenir acc\u00e9s als recursos escaients (el Hijab esportiu de Nike t\u00e9 un preu de mercat de 35 euros) es queda a casa, augmentant el n\u00famero de persones sedentaries, \u00e9s a dir, l\u2019estil de vida de qui realitza escassa o insuficient activitat f\u00edsica.<\/p>\n<p>Sovint es pensa que la innovaci\u00f3 fa refer\u00e8ncia b\u00e0sicament a tecnologia. \u00c9s ben cert que en les darreres d\u00e8cades moltes de les innovacions m\u00e9s rutilants han estat associades al fenomen d&#8217;internet i la telefonia m\u00f2bil. I que ara, precisament de la m\u00e0 de Google (entre d&#8217;altres), es comen\u00e7a a parlar de cotxes sense conductor, de cotxes voladors, de bicicletes que van soles pel carrer. Per\u00f2 tamb\u00e9 \u00e9s cert que recentment moltes empreses que no s\u00f3n d&#8217;alta tecnologia ni que necess\u00e0riament venen productes ens han sorpr\u00e8s: Nespresso i les seves c\u00e0psules, Ikea i la seva renovaci\u00f3 log\u00edstica al terreny dels mobles, UBER i les seves alternatives al transport tradicional, etc\u00e8tera. Adaptar-se a les necessitats humanes m\u00e9s b\u00e0siques, com el lleure i l&#8217;esport, tamb\u00e9 \u00e9s innovaci\u00f3 en el 2022.<\/p>\n<p>Si voleu i\/o necessiteu m\u00e9s informaci\u00f3, tenim el producte en estoc en el Departament d&#8217;Administraci\u00f3 i Empreses (2a planta).<\/p>\n<p><img loading=\"lazy\" decoding=\"async\" class=\"alignnone wp-image-11834\" src=\"https:\/\/agora.xtec.cat\/iesesteveterradas\/wp-content\/uploads\/usu855\/Hijab1-1024x785.jpg\" alt=\"\" width=\"356\" height=\"273\" srcset=\"https:\/\/agora.xtec.cat\/iesesteveterradas\/wp-content\/uploads\/usu855\/Hijab1-1024x785.jpg 1024w, https:\/\/agora.xtec.cat\/iesesteveterradas\/wp-content\/uploads\/usu855\/Hijab1-300x230.jpg 300w, https:\/\/agora.xtec.cat\/iesesteveterradas\/wp-content\/uploads\/usu855\/Hijab1-768x588.jpg 768w, https:\/\/agora.xtec.cat\/iesesteveterradas\/wp-content\/uploads\/usu855\/Hijab1.jpg 1531w\" sizes=\"auto, (max-width: 356px) 100vw, 356px\" \/> <img loading=\"lazy\" decoding=\"async\" class=\"alignnone wp-image-11835\" src=\"https:\/\/agora.xtec.cat\/iesesteveterradas\/wp-content\/uploads\/usu855\/h2-768x1024.jpg\" alt=\"\" width=\"206\" height=\"275\" srcset=\"https:\/\/agora.xtec.cat\/iesesteveterradas\/wp-content\/uploads\/usu855\/h2-768x1024.jpg 768w, https:\/\/agora.xtec.cat\/iesesteveterradas\/wp-content\/uploads\/usu855\/h2-225x300.jpg 225w, https:\/\/agora.xtec.cat\/iesesteveterradas\/wp-content\/uploads\/usu855\/h2-1152x1536.jpg 1152w, https:\/\/agora.xtec.cat\/iesesteveterradas\/wp-content\/uploads\/usu855\/h2.jpg 1536w\" sizes=\"auto, (max-width: 206px) 100vw, 206px\" \/><\/p>\n","protected":false},"excerpt":{"rendered":"<p>La marca LYNX ha fet un pas endavant en el seu cataleg innovador de productes creant el Pro Hijab, un mocador esportiu per a persones musulmanes que s&#8217;ajusta a les necessitats que la pr\u00e0ctica esportiva requereix. Cosit en el taller de la Xarxa de Dones&hellip;  <a href=\"https:\/\/agora.xtec.cat\/iesesteveterradas\/general\/pro-hijab-el-nou-producte-de-lynx\/\" title=\"Read Pro Hijab: el nou producte de LYNX\">Llegeix m\u00e9s\u00bb<\/a><\/p>\n","protected":false},"author":14,"featured_media":11834,"comment_status":"closed","ping_status":"closed","sticky":false,"template":"","format":"standard","meta":{"_bbp_topic_count":0,"_bbp_reply_count":0,"_bbp_total_topic_count":0,"_bbp_total_reply_count":0,"_bbp_voice_count":0,"_bbp_anonymous_reply_count":0,"_bbp_topic_count_hidden":0,"_bbp_reply_count_hidden":0,"_bbp_forum_subforum_count":0,"footnotes":""},"categories":[113,30,147,151,1,159,29,368,227,226],"tags":[],"class_list":["post-11833","post","type-post","status-publish","format-standard","has-post-thumbnail","hentry","category-administracio_empreses","category-cicles-formatius","category-coordinacions","category-emprenedoria","category-general","category-innovacio","category-portada","category-portada-ca","category-test-1001","category-uncategorized"],"post_mailing_queue_ids":[],"_links":{"self":[{"href":"https:\/\/agora.xtec.cat\/iesesteveterradas\/wp-json\/wp\/v2\/posts\/11833","targetHints":{"allow":["GET"]}}],"collection":[{"href":"https:\/\/agora.xtec.cat\/iesesteveterradas\/wp-json\/wp\/v2\/posts"}],"about":[{"href":"https:\/\/agora.xtec.cat\/iesesteveterradas\/wp-json\/wp\/v2\/types\/post"}],"author":[{"embeddable":true,"href":"https:\/\/agora.xtec.cat\/iesesteveterradas\/wp-json\/wp\/v2\/users\/14"}],"replies":[{"embeddable":true,"href":"https:\/\/agora.xtec.cat\/iesesteveterradas\/wp-json\/wp\/v2\/comments?post=11833"}],"version-history":[{"count":1,"href":"https:\/\/agora.xtec.cat\/iesesteveterradas\/wp-json\/wp\/v2\/posts\/11833\/revisions"}],"predecessor-version":[{"id":11836,"href":"https:\/\/agora.xtec.cat\/iesesteveterradas\/wp-json\/wp\/v2\/posts\/11833\/revisions\/11836"}],"wp:featuredmedia":[{"embeddable":true,"href":"https:\/\/agora.xtec.cat\/iesesteveterradas\/wp-json\/wp\/v2\/media\/11834"}],"wp:attachment":[{"href":"https:\/\/agora.xtec.cat\/iesesteveterradas\/wp-json\/wp\/v2\/media?parent=11833"}],"wp:term":[{"taxonomy":"category","embeddable":true,"href":"https:\/\/agora.xtec.cat\/iesesteveterradas\/wp-json\/wp\/v2\/categories?post=11833"},{"taxonomy":"post_tag","embeddable":true,"href":"https:\/\/agora.xtec.cat\/iesesteveterradas\/wp-json\/wp\/v2\/tags?post=11833"}],"curies":[{"name":"wp","href":"https:\/\/api.w.org\/{rel}","templated":true}]}}