{"id":11789,"date":"2022-05-05T20:21:43","date_gmt":"2022-05-05T18:21:43","guid":{"rendered":"https:\/\/agora.xtec.cat\/iesesteveterradas\/?p=11789"},"modified":"2022-05-06T08:17:03","modified_gmt":"2022-05-06T06:17:03","slug":"lliurament-de-premis-treballs-de-recerca","status":"publish","type":"post","link":"https:\/\/agora.xtec.cat\/iesesteveterradas\/general\/lliurament-de-premis-treballs-de-recerca\/","title":{"rendered":"Lliurament de premis treballs de recerca"},"content":{"rendered":"<p>Avui hem assistit al lliurament de premis de treballs de recerca de l&#8217;Ajuntament de Cornell\u00e0 a l&#8217;Auditori de Sant Ildefons.<\/p>\n<ul>\n<li>Paula Fuentes: 3r premi Arts i Humanitats pel treball &#8220;Educaci\u00f3 espanyola, tr\u00e0mit o trampol\u00ed? &#8220;<\/li>\n<li>Ariadna L\u00f3pez: 3r premi Ci\u00e8ncies i Tecnologia &#8221; M\u00e8todes de recuperaci\u00f3 per a tortugues marines&#8221;<\/li>\n<li>Sonia Serarols: 1r premi Ci\u00e8ncies i Tecnologia &#8220;Suffocated in plastic. The future of green alternatives&#8221;<\/li>\n<\/ul>\n<p>Felicitats a totes elles!<\/p>\n<p><img loading=\"lazy\" decoding=\"async\" class=\"alignnone size-full wp-image-11790\" src=\"https:\/\/agora.xtec.cat\/iesesteveterradas\/wp-content\/uploads\/usu855\/WhatsApp-Image-2022-05-05-at-8.06.51-PM.jpeg\" alt=\"\" width=\"1024\" height=\"768\" srcset=\"https:\/\/agora.xtec.cat\/iesesteveterradas\/wp-content\/uploads\/usu855\/WhatsApp-Image-2022-05-05-at-8.06.51-PM.jpeg 1024w, https:\/\/agora.xtec.cat\/iesesteveterradas\/wp-content\/uploads\/usu855\/WhatsApp-Image-2022-05-05-at-8.06.51-PM-300x225.jpeg 300w, https:\/\/agora.xtec.cat\/iesesteveterradas\/wp-content\/uploads\/usu855\/WhatsApp-Image-2022-05-05-at-8.06.51-PM-768x576.jpeg 768w, https:\/\/agora.xtec.cat\/iesesteveterradas\/wp-content\/uploads\/usu855\/WhatsApp-Image-2022-05-05-at-8.06.51-PM-200x150.jpeg 200w\" sizes=\"auto, (max-width: 1024px) 100vw, 1024px\" \/><\/p>\n<p>&nbsp;<\/p>\n<p><img loading=\"lazy\" decoding=\"async\" class=\"alignnone size-large wp-image-11791\" src=\"https:\/\/agora.xtec.cat\/iesesteveterradas\/wp-content\/uploads\/usu855\/WhatsApp-Image-2022-05-05-at-8.06.52-PM.jpeg\" alt=\"\" width=\"1024\" height=\"768\" srcset=\"https:\/\/agora.xtec.cat\/iesesteveterradas\/wp-content\/uploads\/usu855\/WhatsApp-Image-2022-05-05-at-8.06.52-PM.jpeg 1024w, https:\/\/agora.xtec.cat\/iesesteveterradas\/wp-content\/uploads\/usu855\/WhatsApp-Image-2022-05-05-at-8.06.52-PM-300x225.jpeg 300w, https:\/\/agora.xtec.cat\/iesesteveterradas\/wp-content\/uploads\/usu855\/WhatsApp-Image-2022-05-05-at-8.06.52-PM-768x576.jpeg 768w, https:\/\/agora.xtec.cat\/iesesteveterradas\/wp-content\/uploads\/usu855\/WhatsApp-Image-2022-05-05-at-8.06.52-PM-200x150.jpeg 200w\" sizes=\"auto, (max-width: 1024px) 100vw, 1024px\" \/><\/p>\n","protected":false},"excerpt":{"rendered":"<p>Avui hem assistit al lliurament de premis de treballs de recerca de l&#8217;Ajuntament de Cornell\u00e0 a l&#8217;Auditori de Sant Ildefons.<\/p>\n<ul>\n<li>Paula Fuentes: 3r premi Arts i Humanitats pel treball &#8220;Educaci\u00f3 espanyola, tr\u00e0mit o trampol\u00ed? &#8220;<\/li>\n<li>Ariadna L\u00f3pez: 3r premi Ci\u00e8ncies i Tecnologia &#8221; M\u00e8todes de recuperaci\u00f3 per&hellip;  <a href=\"https:\/\/agora.xtec.cat\/iesesteveterradas\/general\/lliurament-de-premis-treballs-de-recerca\/\" title=\"Read Lliurament de premis treballs de recerca\">Llegeix m\u00e9s\u00bb<\/a><br \/>\n","protected":false},"author":35,"featured_media":11790,"comment_status":"closed","ping_status":"closed","sticky":false,"template":"","format":"standard","meta":{"_bbp_topic_count":0,"_bbp_reply_count":0,"_bbp_total_topic_count":0,"_bbp_total_reply_count":0,"_bbp_voice_count":0,"_bbp_anonymous_reply_count":0,"_bbp_topic_count_hidden":0,"_bbp_reply_count_hidden":0,"_bbp_forum_subforum_count":0,"footnotes":""},"categories":[8,123,126,178,1,29],"tags":[],"class_list":["post-11789","post","type-post","status-publish","format-standard","has-post-thumbnail","hentry","category-batxillerat","category-ciencies_experimentals","category-ciencies_socials-eso","category-eso_batxillerat","category-general","category-portada"],"post_mailing_queue_ids":[],"_links":{"self":[{"href":"https:\/\/agora.xtec.cat\/iesesteveterradas\/wp-json\/wp\/v2\/posts\/11789","targetHints":{"allow":["GET"]}}],"collection":[{"href":"https:\/\/agora.xtec.cat\/iesesteveterradas\/wp-json\/wp\/v2\/posts"}],"about":[{"href":"https:\/\/agora.xtec.cat\/iesesteveterradas\/wp-json\/wp\/v2\/types\/post"}],"author":[{"embeddable":true,"href":"https:\/\/agora.xtec.cat\/iesesteveterradas\/wp-json\/wp\/v2\/users\/35"}],"replies":[{"embeddable":true,"href":"https:\/\/agora.xtec.cat\/iesesteveterradas\/wp-json\/wp\/v2\/comments?post=11789"}],"version-history":[{"count":1,"href":"https:\/\/agora.xtec.cat\/iesesteveterradas\/wp-json\/wp\/v2\/posts\/11789\/revisions"}],"predecessor-version":[{"id":11792,"href":"https:\/\/agora.xtec.cat\/iesesteveterradas\/wp-json\/wp\/v2\/posts\/11789\/revisions\/11792"}],"wp:featuredmedia":[{"embeddable":true,"href":"https:\/\/agora.xtec.cat\/iesesteveterradas\/wp-json\/wp\/v2\/media\/11790"}],"wp:attachment":[{"href":"https:\/\/agora.xtec.cat\/iesesteveterradas\/wp-json\/wp\/v2\/media?parent=11789"}],"wp:term":[{"taxonomy":"category","embeddable":true,"href":"https:\/\/agora.xtec.cat\/iesesteveterradas\/wp-json\/wp\/v2\/categories?post=11789"},{"taxonomy":"post_tag","embeddable":true,"href":"https:\/\/agora.xtec.cat\/iesesteveterradas\/wp-json\/wp\/v2\/tags?post=11789"}],"curies":[{"name":"wp","href":"https:\/\/api.w.org\/{rel}","templated":true}]}}