{"id":11748,"date":"2022-05-04T17:36:46","date_gmt":"2022-05-04T15:36:46","guid":{"rendered":"https:\/\/agora.xtec.cat\/iesesteveterradas\/?p=11748"},"modified":"2022-05-09T09:52:00","modified_gmt":"2022-05-09T07:52:00","slug":"recollida-daliments-al-esteve-terradas","status":"publish","type":"post","link":"https:\/\/agora.xtec.cat\/iesesteveterradas\/general\/recollida-daliments-al-esteve-terradas\/","title":{"rendered":"Recollida d&#8217;aliments a l&#8217;Esteve Terradas"},"content":{"rendered":"<p style=\"text-align: justify;\"><img loading=\"lazy\" decoding=\"async\" class=\"size-large wp-image-11749 alignleft\" src=\"https:\/\/agora.xtec.cat\/iesesteveterradas\/wp-content\/uploads\/usu855\/0001-655x1024.jpg\" alt=\"\" width=\"655\" height=\"1024\" srcset=\"https:\/\/agora.xtec.cat\/iesesteveterradas\/wp-content\/uploads\/usu855\/0001-655x1024.jpg 655w, https:\/\/agora.xtec.cat\/iesesteveterradas\/wp-content\/uploads\/usu855\/0001-192x300.jpg 192w, https:\/\/agora.xtec.cat\/iesesteveterradas\/wp-content\/uploads\/usu855\/0001-768x1200.jpg 768w, https:\/\/agora.xtec.cat\/iesesteveterradas\/wp-content\/uploads\/usu855\/0001-983x1536.jpg 983w, https:\/\/agora.xtec.cat\/iesesteveterradas\/wp-content\/uploads\/usu855\/0001-1311x2048.jpg 1311w, https:\/\/agora.xtec.cat\/iesesteveterradas\/wp-content\/uploads\/usu855\/0001.jpg 1600w\" sizes=\"auto, (max-width: 655px) 100vw, 655px\" \/>Des del grup de DAS2-FP us fem una petici\u00f3 per a ajudar-nos i col\u00b7laborar en una recollida solid\u00e0ria d&#8217;aliments al barri de la Gavarra, a Cornell\u00e0 de Llobregat. Tenim previst recollir aliments fins el dia 16 de maig, gr\u00e0cies per la vostra atenci\u00f3, us necessitem!<\/p>\n","protected":false},"excerpt":{"rendered":"<p>Des del grup de DAS2-FP us fem una petici\u00f3 per a ajudar-nos i col\u00b7laborar en una recollida solid\u00e0ria d&#8217;aliments al barri de la Gavarra, a Cornell\u00e0 de Llobregat. Tenim previst recollir aliments fins el dia 16 de maig, gr\u00e0cies per la vostra atenci\u00f3, us necessitem!<\/p>\n","protected":false},"author":3,"featured_media":11749,"comment_status":"closed","ping_status":"closed","sticky":false,"template":"","format":"standard","meta":{"_bbp_topic_count":0,"_bbp_reply_count":0,"_bbp_total_topic_count":0,"_bbp_total_reply_count":0,"_bbp_voice_count":0,"_bbp_anonymous_reply_count":0,"_bbp_topic_count_hidden":0,"_bbp_reply_count_hidden":0,"_bbp_forum_subforum_count":0,"footnotes":""},"categories":[113,1,29],"tags":[],"class_list":["post-11748","post","type-post","status-publish","format-standard","has-post-thumbnail","hentry","category-administracio_empreses","category-general","category-portada"],"post_mailing_queue_ids":[],"_links":{"self":[{"href":"https:\/\/agora.xtec.cat\/iesesteveterradas\/wp-json\/wp\/v2\/posts\/11748","targetHints":{"allow":["GET"]}}],"collection":[{"href":"https:\/\/agora.xtec.cat\/iesesteveterradas\/wp-json\/wp\/v2\/posts"}],"about":[{"href":"https:\/\/agora.xtec.cat\/iesesteveterradas\/wp-json\/wp\/v2\/types\/post"}],"author":[{"embeddable":true,"href":"https:\/\/agora.xtec.cat\/iesesteveterradas\/wp-json\/wp\/v2\/users\/3"}],"replies":[{"embeddable":true,"href":"https:\/\/agora.xtec.cat\/iesesteveterradas\/wp-json\/wp\/v2\/comments?post=11748"}],"version-history":[{"count":4,"href":"https:\/\/agora.xtec.cat\/iesesteveterradas\/wp-json\/wp\/v2\/posts\/11748\/revisions"}],"predecessor-version":[{"id":11809,"href":"https:\/\/agora.xtec.cat\/iesesteveterradas\/wp-json\/wp\/v2\/posts\/11748\/revisions\/11809"}],"wp:featuredmedia":[{"embeddable":true,"href":"https:\/\/agora.xtec.cat\/iesesteveterradas\/wp-json\/wp\/v2\/media\/11749"}],"wp:attachment":[{"href":"https:\/\/agora.xtec.cat\/iesesteveterradas\/wp-json\/wp\/v2\/media?parent=11748"}],"wp:term":[{"taxonomy":"category","embeddable":true,"href":"https:\/\/agora.xtec.cat\/iesesteveterradas\/wp-json\/wp\/v2\/categories?post=11748"},{"taxonomy":"post_tag","embeddable":true,"href":"https:\/\/agora.xtec.cat\/iesesteveterradas\/wp-json\/wp\/v2\/tags?post=11748"}],"curies":[{"name":"wp","href":"https:\/\/api.w.org\/{rel}","templated":true}]}}