{"id":11608,"date":"2022-04-08T09:54:16","date_gmt":"2022-04-08T07:54:16","guid":{"rendered":"https:\/\/agora.xtec.cat\/iesesteveterradas\/?p=11608"},"modified":"2022-04-08T09:54:16","modified_gmt":"2022-04-08T07:54:16","slug":"xerrada-a-administracio-dempreses-sobre-trajectories-i-sortides-professionals","status":"publish","type":"post","link":"https:\/\/agora.xtec.cat\/iesesteveterradas\/portada\/xerrada-a-administracio-dempreses-sobre-trajectories-i-sortides-professionals\/","title":{"rendered":"Xerrada a Administraci\u00f3 d&#8217;empreses sobre traject\u00f2ries i sortides professionals"},"content":{"rendered":"<p>L&#8217;alumnat d&#8217;Administraci\u00f3 i Finances del Grau Superior ha participat en una xerrada virtual amb Rogelio Pacheco, director de sucursal banc\u00e0ria del Banc Santander, i Georgina Galdeano, cap d&#8217;equip a Apple.<\/p>\n<p>La xerrada va parlar sobre les seves traject\u00f2ries, les sortides professionals i la situaci\u00f3 del sector bancari.<\/p>\n\n\t\t<style type=\"text\/css\">\n\t\t\t#gallery-1 {\n\t\t\t\tmargin: auto;\n\t\t\t}\n\t\t\t#gallery-1 .gallery-item {\n\t\t\t\tfloat: left;\n\t\t\t\tmargin-top: 10px;\n\t\t\t\ttext-align: center;\n\t\t\t\twidth: 33%;\n\t\t\t}\n\t\t\t#gallery-1 img {\n\t\t\t\tborder: 2px solid #cfcfcf;\n\t\t\t}\n\t\t\t#gallery-1 .gallery-caption {\n\t\t\t\tmargin-left: 0;\n\t\t\t}\n\t\t\t\/* see gallery_shortcode() in wp-includes\/media.php *\/\n\t\t<\/style>\n\t\t<div id='gallery-1' class='gallery galleryid-11608 gallery-columns-3 gallery-size-thumbnail'><dl class='gallery-item'>\n\t\t\t<dt class='gallery-icon landscape'>\n\t\t\t\t<a href='https:\/\/agora.xtec.cat\/iesesteveterradas\/portada\/xerrada-a-administracio-dempreses-sobre-trajectories-i-sortides-professionals\/attachment\/1649336006684\/'><img loading=\"lazy\" decoding=\"async\" width=\"150\" height=\"150\" src=\"https:\/\/agora.xtec.cat\/iesesteveterradas\/wp-content\/uploads\/usu855\/1649336006684-150x150.jpg\" class=\"attachment-thumbnail size-thumbnail\" alt=\"\" \/><\/a>\n\t\t\t<\/dt><\/dl><dl class='gallery-item'>\n\t\t\t<dt class='gallery-icon landscape'>\n\t\t\t\t<a href='https:\/\/agora.xtec.cat\/iesesteveterradas\/portada\/xerrada-a-administracio-dempreses-sobre-trajectories-i-sortides-professionals\/attachment\/foto2-2\/'><img loading=\"lazy\" decoding=\"async\" width=\"150\" height=\"150\" src=\"https:\/\/agora.xtec.cat\/iesesteveterradas\/wp-content\/uploads\/usu855\/foto2-1-150x150.jpg\" class=\"attachment-thumbnail size-thumbnail\" alt=\"\" \/><\/a>\n\t\t\t<\/dt><\/dl><dl class='gallery-item'>\n\t\t\t<dt class='gallery-icon landscape'>\n\t\t\t\t<a href='https:\/\/agora.xtec.cat\/iesesteveterradas\/portada\/xerrada-a-administracio-dempreses-sobre-trajectories-i-sortides-professionals\/attachment\/foto1\/'><img loading=\"lazy\" decoding=\"async\" width=\"150\" height=\"150\" src=\"https:\/\/agora.xtec.cat\/iesesteveterradas\/wp-content\/uploads\/usu855\/foto1-150x150.jpg\" class=\"attachment-thumbnail size-thumbnail\" alt=\"\" \/><\/a>\n\t\t\t<\/dt><\/dl><br style=\"clear: both\" \/>\n\t\t<\/div>\n\n<p>&nbsp;<\/p>\n","protected":false},"excerpt":{"rendered":"<p>L&#8217;alumnat d&#8217;Administraci\u00f3 i Finances del Grau Superior ha participat en una xerrada virtual amb Rogelio Pacheco, director de sucursal banc\u00e0ria del Banc Santander, i Georgina Galdeano, cap d&#8217;equip a Apple.<br \/>\nLa xerrada va parlar sobre les seves traject\u00f2ries, les sortides professionals i la situaci\u00f3 del sector&hellip;  <a href=\"https:\/\/agora.xtec.cat\/iesesteveterradas\/portada\/xerrada-a-administracio-dempreses-sobre-trajectories-i-sortides-professionals\/\" title=\"Read Xerrada a Administraci\u00f3 d&#8217;empreses sobre traject\u00f2ries i sortides professionals\">Llegeix m\u00e9s\u00bb<\/a><\/p>\n","protected":false},"author":14,"featured_media":11611,"comment_status":"closed","ping_status":"closed","sticky":false,"template":"","format":"standard","meta":{"_bbp_topic_count":0,"_bbp_reply_count":0,"_bbp_total_topic_count":0,"_bbp_total_reply_count":0,"_bbp_voice_count":0,"_bbp_anonymous_reply_count":0,"_bbp_topic_count_hidden":0,"_bbp_reply_count_hidden":0,"_bbp_forum_subforum_count":0,"footnotes":""},"categories":[113,30,29,368],"tags":[],"class_list":["post-11608","post","type-post","status-publish","format-standard","has-post-thumbnail","hentry","category-administracio_empreses","category-cicles-formatius","category-portada","category-portada-ca"],"post_mailing_queue_ids":[],"_links":{"self":[{"href":"https:\/\/agora.xtec.cat\/iesesteveterradas\/wp-json\/wp\/v2\/posts\/11608","targetHints":{"allow":["GET"]}}],"collection":[{"href":"https:\/\/agora.xtec.cat\/iesesteveterradas\/wp-json\/wp\/v2\/posts"}],"about":[{"href":"https:\/\/agora.xtec.cat\/iesesteveterradas\/wp-json\/wp\/v2\/types\/post"}],"author":[{"embeddable":true,"href":"https:\/\/agora.xtec.cat\/iesesteveterradas\/wp-json\/wp\/v2\/users\/14"}],"replies":[{"embeddable":true,"href":"https:\/\/agora.xtec.cat\/iesesteveterradas\/wp-json\/wp\/v2\/comments?post=11608"}],"version-history":[{"count":1,"href":"https:\/\/agora.xtec.cat\/iesesteveterradas\/wp-json\/wp\/v2\/posts\/11608\/revisions"}],"predecessor-version":[{"id":11627,"href":"https:\/\/agora.xtec.cat\/iesesteveterradas\/wp-json\/wp\/v2\/posts\/11608\/revisions\/11627"}],"wp:featuredmedia":[{"embeddable":true,"href":"https:\/\/agora.xtec.cat\/iesesteveterradas\/wp-json\/wp\/v2\/media\/11611"}],"wp:attachment":[{"href":"https:\/\/agora.xtec.cat\/iesesteveterradas\/wp-json\/wp\/v2\/media?parent=11608"}],"wp:term":[{"taxonomy":"category","embeddable":true,"href":"https:\/\/agora.xtec.cat\/iesesteveterradas\/wp-json\/wp\/v2\/categories?post=11608"},{"taxonomy":"post_tag","embeddable":true,"href":"https:\/\/agora.xtec.cat\/iesesteveterradas\/wp-json\/wp\/v2\/tags?post=11608"}],"curies":[{"name":"wp","href":"https:\/\/api.w.org\/{rel}","templated":true}]}}