{"id":11543,"date":"2022-03-28T08:12:11","date_gmt":"2022-03-28T06:12:11","guid":{"rendered":"https:\/\/agora.xtec.cat\/iesesteveterradas\/?p=11543"},"modified":"2022-03-28T08:12:11","modified_gmt":"2022-03-28T06:12:11","slug":"el-the-ieti-show-debuta-a-twitch","status":"publish","type":"post","link":"https:\/\/agora.xtec.cat\/iesesteveterradas\/general\/el-the-ieti-show-debuta-a-twitch\/","title":{"rendered":"El The IETI Show debuta a Twitch"},"content":{"rendered":"<p>El canal de directe (streaming) del nostre institut, The IETI Show, ha fet hist\u00f2ria al convertir-se en el primer canal de la FP de Catalunya en retransmetre una activitat d&#8217;aula per Twitch. L&#8217;activitat ha estat emmarcada en el M\u00f2dul Professional 10 del Cicle de Grau Superior d&#8217;Assist\u00e8ncia a la Direcci\u00f3 i ha consistit en una entrevista amb l&#8217;Excel\u00b7lent\u00edssim Senyor Alcalde de Cornell\u00e0 de Llobregat, Antonio Balm\u00f3n. La fulla d&#8217;activitat \u00e9s prou humil per\u00f2 nom\u00e9s \u00e9s la primera de molts directes que vindran en breu. Estigueu atents: <a href=\"https:\/\/www.twitch.tv\/theietishow\">https:\/\/www.twitch.tv\/theietishow<\/a><\/p>\n<p>Podeu recuperar el programa a Youtube: <a href=\"https:\/\/www.youtube.com\/watch?v=XPP0AXGPAbU\">https:\/\/www.youtube.com\/watch?v=XPP0AXGPAbU<\/a><\/p>\n<p><img loading=\"lazy\" decoding=\"async\" class=\"alignnone wp-image-11544\" src=\"https:\/\/agora.xtec.cat\/iesesteveterradas\/wp-content\/uploads\/usu855\/Twitch1.jpg\" alt=\"\" width=\"272\" height=\"335\" srcset=\"https:\/\/agora.xtec.cat\/iesesteveterradas\/wp-content\/uploads\/usu855\/Twitch1.jpg 583w, https:\/\/agora.xtec.cat\/iesesteveterradas\/wp-content\/uploads\/usu855\/Twitch1-244x300.jpg 244w\" sizes=\"auto, (max-width: 272px) 100vw, 272px\" \/> <img loading=\"lazy\" decoding=\"async\" class=\"alignnone wp-image-11545\" src=\"https:\/\/agora.xtec.cat\/iesesteveterradas\/wp-content\/uploads\/usu855\/Djeni.jpg\" alt=\"\" width=\"364\" height=\"319\" srcset=\"https:\/\/agora.xtec.cat\/iesesteveterradas\/wp-content\/uploads\/usu855\/Djeni.jpg 750w, https:\/\/agora.xtec.cat\/iesesteveterradas\/wp-content\/uploads\/usu855\/Djeni-300x263.jpg 300w\" sizes=\"auto, (max-width: 364px) 100vw, 364px\" \/><\/p>\n<p>&nbsp;<\/p>\n","protected":false},"excerpt":{"rendered":"<p>El canal de directe (streaming) del nostre institut, The IETI Show, ha fet hist\u00f2ria al convertir-se en el primer canal de la FP de Catalunya en retransmetre una activitat d&#8217;aula per Twitch. L&#8217;activitat ha estat emmarcada en el M\u00f2dul Professional 10 del Cicle de Grau&hellip;  <a href=\"https:\/\/agora.xtec.cat\/iesesteveterradas\/general\/el-the-ieti-show-debuta-a-twitch\/\" title=\"Read El The IETI Show debuta a Twitch\">Llegeix m\u00e9s\u00bb<\/a><\/p>\n","protected":false},"author":14,"featured_media":11545,"comment_status":"closed","ping_status":"closed","sticky":false,"template":"","format":"standard","meta":{"_bbp_topic_count":0,"_bbp_reply_count":0,"_bbp_total_topic_count":0,"_bbp_total_reply_count":0,"_bbp_voice_count":0,"_bbp_anonymous_reply_count":0,"_bbp_topic_count_hidden":0,"_bbp_reply_count_hidden":0,"_bbp_forum_subforum_count":0,"footnotes":""},"categories":[113,30,151,1,159,29,368],"tags":[],"class_list":["post-11543","post","type-post","status-publish","format-standard","has-post-thumbnail","hentry","category-administracio_empreses","category-cicles-formatius","category-emprenedoria","category-general","category-innovacio","category-portada","category-portada-ca"],"post_mailing_queue_ids":[],"_links":{"self":[{"href":"https:\/\/agora.xtec.cat\/iesesteveterradas\/wp-json\/wp\/v2\/posts\/11543","targetHints":{"allow":["GET"]}}],"collection":[{"href":"https:\/\/agora.xtec.cat\/iesesteveterradas\/wp-json\/wp\/v2\/posts"}],"about":[{"href":"https:\/\/agora.xtec.cat\/iesesteveterradas\/wp-json\/wp\/v2\/types\/post"}],"author":[{"embeddable":true,"href":"https:\/\/agora.xtec.cat\/iesesteveterradas\/wp-json\/wp\/v2\/users\/14"}],"replies":[{"embeddable":true,"href":"https:\/\/agora.xtec.cat\/iesesteveterradas\/wp-json\/wp\/v2\/comments?post=11543"}],"version-history":[{"count":2,"href":"https:\/\/agora.xtec.cat\/iesesteveterradas\/wp-json\/wp\/v2\/posts\/11543\/revisions"}],"predecessor-version":[{"id":11547,"href":"https:\/\/agora.xtec.cat\/iesesteveterradas\/wp-json\/wp\/v2\/posts\/11543\/revisions\/11547"}],"wp:featuredmedia":[{"embeddable":true,"href":"https:\/\/agora.xtec.cat\/iesesteveterradas\/wp-json\/wp\/v2\/media\/11545"}],"wp:attachment":[{"href":"https:\/\/agora.xtec.cat\/iesesteveterradas\/wp-json\/wp\/v2\/media?parent=11543"}],"wp:term":[{"taxonomy":"category","embeddable":true,"href":"https:\/\/agora.xtec.cat\/iesesteveterradas\/wp-json\/wp\/v2\/categories?post=11543"},{"taxonomy":"post_tag","embeddable":true,"href":"https:\/\/agora.xtec.cat\/iesesteveterradas\/wp-json\/wp\/v2\/tags?post=11543"}],"curies":[{"name":"wp","href":"https:\/\/api.w.org\/{rel}","templated":true}]}}