{"id":11071,"date":"2022-01-11T18:00:46","date_gmt":"2022-01-11T17:00:46","guid":{"rendered":"https:\/\/agora.xtec.cat\/iesesteveterradas\/?p=11071"},"modified":"2022-01-19T06:49:55","modified_gmt":"2022-01-19T05:49:55","slug":"titulacio-doble-en-informatica-amb-lfp-alemanya-2","status":"publish","type":"post","link":"https:\/\/agora.xtec.cat\/iesesteveterradas\/general\/titulacio-doble-en-informatica-amb-lfp-alemanya-2\/","title":{"rendered":"Titulaci\u00f3 doble en inform\u00e0tica amb l\u2019FP alemanya"},"content":{"rendered":"<p style=\"text-align: justify;\">El centre Humbold ofereix la possibilitat als alumnes d\u2019Inform\u00e0tica de l\u2019Esteve Terradas i Illa d\u2019homologar l\u2019FP amb l\u2019FP alemanya en formaci\u00f3 DUAL. Ens ha fet una presentaci\u00f3 del projecte i es presenten uns 30 candidats. El projecte \u00e9s for\u00e7a interessant per ampliar idiomes, coneixements i tenir una doble titulaci\u00f3 de prestigi a tota Europa. De ben segur que ser\u00e0 molt profit\u00f3s.<\/p>\n<p>Adjunto presentaci\u00f3 en pdf per els que no varen poder venir.<\/p>\n<p><a href=\"https:\/\/agora.xtec.cat\/iesesteveterradas\/wp-content\/uploads\/usu855\/Humboldt-FP-Doble-Titulacio-2022.pdf\">Humboldt &#8211; FP Doble Titulacio 2022<\/a><\/p>\n","protected":false},"excerpt":{"rendered":"<p>El centre Humbold ofereix la possibilitat als alumnes d\u2019Inform\u00e0tica de l\u2019Esteve Terradas i Illa d\u2019homologar l\u2019FP amb l\u2019FP alemanya en formaci\u00f3 DUAL. Ens ha fet una presentaci\u00f3 del projecte i es presenten uns 30 candidats. El projecte \u00e9s for\u00e7a interessant per ampliar idiomes, coneixements i&hellip;  <a href=\"https:\/\/agora.xtec.cat\/iesesteveterradas\/general\/titulacio-doble-en-informatica-amb-lfp-alemanya-2\/\" title=\"Read Titulaci\u00f3 doble en inform\u00e0tica amb l\u2019FP alemanya\">Llegeix m\u00e9s\u00bb<\/a><\/p>\n","protected":false},"author":3,"featured_media":11104,"comment_status":"closed","ping_status":"closed","sticky":false,"template":"","format":"standard","meta":{"_bbp_topic_count":0,"_bbp_reply_count":0,"_bbp_total_topic_count":0,"_bbp_total_reply_count":0,"_bbp_voice_count":0,"_bbp_anonymous_reply_count":0,"_bbp_topic_count_hidden":0,"_bbp_reply_count_hidden":0,"_bbp_forum_subforum_count":0,"footnotes":""},"categories":[30,1,109,29],"tags":[],"class_list":["post-11071","post","type-post","status-publish","format-standard","has-post-thumbnail","hentry","category-cicles-formatius","category-general","category-informatica","category-portada"],"post_mailing_queue_ids":[],"_links":{"self":[{"href":"https:\/\/agora.xtec.cat\/iesesteveterradas\/wp-json\/wp\/v2\/posts\/11071","targetHints":{"allow":["GET"]}}],"collection":[{"href":"https:\/\/agora.xtec.cat\/iesesteveterradas\/wp-json\/wp\/v2\/posts"}],"about":[{"href":"https:\/\/agora.xtec.cat\/iesesteveterradas\/wp-json\/wp\/v2\/types\/post"}],"author":[{"embeddable":true,"href":"https:\/\/agora.xtec.cat\/iesesteveterradas\/wp-json\/wp\/v2\/users\/3"}],"replies":[{"embeddable":true,"href":"https:\/\/agora.xtec.cat\/iesesteveterradas\/wp-json\/wp\/v2\/comments?post=11071"}],"version-history":[{"count":3,"href":"https:\/\/agora.xtec.cat\/iesesteveterradas\/wp-json\/wp\/v2\/posts\/11071\/revisions"}],"predecessor-version":[{"id":11184,"href":"https:\/\/agora.xtec.cat\/iesesteveterradas\/wp-json\/wp\/v2\/posts\/11071\/revisions\/11184"}],"wp:featuredmedia":[{"embeddable":true,"href":"https:\/\/agora.xtec.cat\/iesesteveterradas\/wp-json\/wp\/v2\/media\/11104"}],"wp:attachment":[{"href":"https:\/\/agora.xtec.cat\/iesesteveterradas\/wp-json\/wp\/v2\/media?parent=11071"}],"wp:term":[{"taxonomy":"category","embeddable":true,"href":"https:\/\/agora.xtec.cat\/iesesteveterradas\/wp-json\/wp\/v2\/categories?post=11071"},{"taxonomy":"post_tag","embeddable":true,"href":"https:\/\/agora.xtec.cat\/iesesteveterradas\/wp-json\/wp\/v2\/tags?post=11071"}],"curies":[{"name":"wp","href":"https:\/\/api.w.org\/{rel}","templated":true}]}}