{"id":10986,"date":"2021-12-14T12:37:03","date_gmt":"2021-12-14T11:37:03","guid":{"rendered":"https:\/\/agora.xtec.cat\/iesesteveterradas\/?p=10986"},"modified":"2021-12-14T16:16:28","modified_gmt":"2021-12-14T15:16:28","slug":"combatem-lalumini-a-lesteve","status":"publish","type":"post","link":"https:\/\/agora.xtec.cat\/iesesteveterradas\/eso\/combatem-lalumini-a-lesteve\/","title":{"rendered":"COMBATEM L&#8217;ALUMINI A L&#8217;ESTEVE!"},"content":{"rendered":"<h3>INVESTIGACI\u00d3 SOBRE L&#8217;\u00daS DEL PAPER D&#8217;ALUMINI A L&#8217;ESTEVE<\/h3>\n<p>Amb els alumnes de l&#8217;optativa de l&#8217;aula verda de 1r i 2n de l&#8217;ESO hem fet una investigaci\u00f3 sobre quant paper d&#8217;alumini utilitzen els alumnes a l&#8217;institut.<\/p>\n<p>Us convidem a veure l&#8217;exposici\u00f3 resultat de la seva investigaci\u00f3. La podeu trobar al passad\u00eds de coordinaci\u00f3.<\/p>\n<p><img loading=\"lazy\" decoding=\"async\" class=\"alignnone size-full wp-image-10989\" src=\"https:\/\/agora.xtec.cat\/iesesteveterradas\/wp-content\/uploads\/usu855\/exposicio2-rotated.jpg\" alt=\"\" width=\"480\" height=\"640\" srcset=\"https:\/\/agora.xtec.cat\/iesesteveterradas\/wp-content\/uploads\/usu855\/exposicio2-rotated.jpg 480w, https:\/\/agora.xtec.cat\/iesesteveterradas\/wp-content\/uploads\/usu855\/exposicio2-225x300.jpg 225w\" sizes=\"auto, (max-width: 480px) 100vw, 480px\" \/> <img loading=\"lazy\" decoding=\"async\" class=\"alignnone size-full wp-image-10988\" src=\"https:\/\/agora.xtec.cat\/iesesteveterradas\/wp-content\/uploads\/usu855\/Cartell-1-rotated.jpg\" alt=\"\" width=\"480\" height=\"640\" srcset=\"https:\/\/agora.xtec.cat\/iesesteveterradas\/wp-content\/uploads\/usu855\/Cartell-1-rotated.jpg 480w, https:\/\/agora.xtec.cat\/iesesteveterradas\/wp-content\/uploads\/usu855\/Cartell-1-225x300.jpg 225w\" sizes=\"auto, (max-width: 480px) 100vw, 480px\" \/> <img loading=\"lazy\" decoding=\"async\" class=\"alignnone size-full wp-image-10987\" src=\"https:\/\/agora.xtec.cat\/iesesteveterradas\/wp-content\/uploads\/usu855\/Alumini-1-rotated.jpg\" alt=\"\" width=\"480\" height=\"640\" srcset=\"https:\/\/agora.xtec.cat\/iesesteveterradas\/wp-content\/uploads\/usu855\/Alumini-1-rotated.jpg 480w, https:\/\/agora.xtec.cat\/iesesteveterradas\/wp-content\/uploads\/usu855\/Alumini-1-225x300.jpg 225w\" sizes=\"auto, (max-width: 480px) 100vw, 480px\" \/><\/p>\n","protected":false},"excerpt":{"rendered":"<p>INVESTIGACI\u00d3 SOBRE L&#8217;\u00daS DEL PAPER D&#8217;ALUMINI A L&#8217;ESTEVE<br \/>\nAmb els alumnes de l&#8217;optativa de l&#8217;aula verda de 1r i 2n de l&#8217;ESO hem fet una investigaci\u00f3 sobre quant paper d&#8217;alumini utilitzen els alumnes a l&#8217;institut.<br \/>\nUs convidem a veure l&#8217;exposici\u00f3 resultat de la seva investigaci\u00f3. La podeu&hellip;  <a href=\"https:\/\/agora.xtec.cat\/iesesteveterradas\/eso\/combatem-lalumini-a-lesteve\/\" title=\"Read COMBATEM L&#8217;ALUMINI A L&#8217;ESTEVE!\">Llegeix m\u00e9s\u00bb<\/a><\/p>\n","protected":false},"author":33,"featured_media":10989,"comment_status":"closed","ping_status":"closed","sticky":false,"template":"","format":"standard","meta":{"_bbp_topic_count":0,"_bbp_reply_count":0,"_bbp_total_topic_count":0,"_bbp_total_reply_count":0,"_bbp_voice_count":0,"_bbp_anonymous_reply_count":0,"_bbp_topic_count_hidden":0,"_bbp_reply_count_hidden":0,"_bbp_forum_subforum_count":0,"footnotes":""},"categories":[3,157,29,368],"tags":[56,442],"class_list":["post-10986","post","type-post","status-publish","format-standard","has-post-thumbnail","hentry","category-eso","category-medi_ambient","category-portada","category-portada-ca","tag-escola-verda","tag-medi-ambient"],"post_mailing_queue_ids":[],"_links":{"self":[{"href":"https:\/\/agora.xtec.cat\/iesesteveterradas\/wp-json\/wp\/v2\/posts\/10986","targetHints":{"allow":["GET"]}}],"collection":[{"href":"https:\/\/agora.xtec.cat\/iesesteveterradas\/wp-json\/wp\/v2\/posts"}],"about":[{"href":"https:\/\/agora.xtec.cat\/iesesteveterradas\/wp-json\/wp\/v2\/types\/post"}],"author":[{"embeddable":true,"href":"https:\/\/agora.xtec.cat\/iesesteveterradas\/wp-json\/wp\/v2\/users\/33"}],"replies":[{"embeddable":true,"href":"https:\/\/agora.xtec.cat\/iesesteveterradas\/wp-json\/wp\/v2\/comments?post=10986"}],"version-history":[{"count":3,"href":"https:\/\/agora.xtec.cat\/iesesteveterradas\/wp-json\/wp\/v2\/posts\/10986\/revisions"}],"predecessor-version":[{"id":11018,"href":"https:\/\/agora.xtec.cat\/iesesteveterradas\/wp-json\/wp\/v2\/posts\/10986\/revisions\/11018"}],"wp:featuredmedia":[{"embeddable":true,"href":"https:\/\/agora.xtec.cat\/iesesteveterradas\/wp-json\/wp\/v2\/media\/10989"}],"wp:attachment":[{"href":"https:\/\/agora.xtec.cat\/iesesteveterradas\/wp-json\/wp\/v2\/media?parent=10986"}],"wp:term":[{"taxonomy":"category","embeddable":true,"href":"https:\/\/agora.xtec.cat\/iesesteveterradas\/wp-json\/wp\/v2\/categories?post=10986"},{"taxonomy":"post_tag","embeddable":true,"href":"https:\/\/agora.xtec.cat\/iesesteveterradas\/wp-json\/wp\/v2\/tags?post=10986"}],"curies":[{"name":"wp","href":"https:\/\/api.w.org\/{rel}","templated":true}]}}