{"id":5693,"date":"2025-05-16T10:36:26","date_gmt":"2025-05-16T08:36:26","guid":{"rendered":"https:\/\/agora.xtec.cat\/iesermengolquart\/?p=5693"},"modified":"2025-05-16T10:36:43","modified_gmt":"2025-05-16T08:36:43","slug":"autocar-proves-acces-a-la-universitat-2n-btx","status":"publish","type":"post","link":"https:\/\/agora.xtec.cat\/iesermengolquart\/batxillerat\/autocar-proves-acces-a-la-universitat-2n-btx\/","title":{"rendered":"AUTOCAR PROVES ACC\u00c9S A LA UNIVERSITAT &#8211; 2n BTX"},"content":{"rendered":"<p><span style=\"font-family: comic sans ms, sans-serif;\">Els comuniquem que els dies 11, 12 i 13 de juny de 2025 els alumnes de 2n de Batxillerat aniran a Lleida a realitzar les Proves d\u2019Acc\u00e9s a la Universitat (PAU).<\/span><\/p>\n<p><span style=\"font-family: comic sans ms, sans-serif;\">El servei nom\u00e9s es far\u00e0 si hi ha un nombre suficient d\u2019alumnat interessat. En cas contrari el transport anir\u00e0 a c\u00e0rrec de cada fam\u00edlia.<\/span><\/p>\n<p><span style=\"font-family: comic sans ms, sans-serif;\">L\u2019hora de sortida ser\u00e0:<\/span><\/p>\n<p><span style=\"font-family: comic sans ms, sans-serif;\">&#8211; Dia 11 de juny a les 7h sortida des de l\u2019Institut<\/span><\/p>\n<p><span style=\"font-family: comic sans ms, sans-serif;\">&#8211; Dies 12 i 13 de juny a les 7:30h sortida des de l\u2019Institut<\/span><\/p>\n<p><span style=\"font-family: comic sans ms, sans-serif;\">L\u2019hora d\u2019arribada ser\u00e0 sempre a les 17h aproximadament.<\/span><\/p>\n<p><span style=\"font-family: comic sans ms, sans-serif;\">Pels alumnes de\u00a0<b>Linyola<\/b>, la sortida i l\u2019arribada ser\u00e0 davant de la botiga Clarel. Per la\u00a0<b>resta d\u2019alumnes<\/b>, la sortida i arribada dels autocars ser\u00e0 a\u00a0 l\u2019Institut, per tant, seran els pares els qui hauran de portar o venir a buscar els\/les alumnes al centre. La responsabilitat dels professors \u00e9s des que s\u2019inicia la sortida fins que arriben a l\u2019Institut.<\/span><\/p>\n<p><span style=\"font-family: comic sans ms, sans-serif;\">En el moment de l\u2019anada cal ser\u00a0<b>extremadament puntual<\/b>.<\/span><\/p>\n<p><b><span style=\"font-family: comic sans ms, sans-serif;\">El preu del transport per tots els dies \u00e9s de 50\u20ac, sempre i quan hi vagin els 25 alumnes que ho han confirmat.<\/span><\/b><\/p>\n<p><span style=\"font-family: comic sans ms, sans-serif;\"><b><u>Els PAGAMENTS s\u2019han de fer a trav\u00e9s de la P\u00c0GINA WEB DEL CENTRE\u00a0<a href=\"https:\/\/agora.xtec.cat\/iesermengolquart\/\" target=\"_blank\" rel=\"noopener\" data-saferedirecturl=\"https:\/\/www.google.com\/url?q=https:\/\/agora.xtec.cat\/iesermengolquart\/&amp;source=gmail&amp;ust=1747469743277000&amp;usg=AOvVaw0_frR7zkZjvmPpiV2XiNVS\">https:\/\/agora.xtec.cat\/<wbr \/>iesermengolquart\/<\/a><\/u><\/b><b>.<\/b>\u00a0A la banda dreta hi ha un indicatiu taronja de\u00a0<b><i>Pagaments en l\u00ednia<\/i><\/b><i>.\u00a0<\/i>Cal clicar all\u00ed i omplir els camps demanats (nom i cognoms, correu electr\u00f2nic del pare\/mare\/tutor-a de l\u2019alumne), seleccionar el curs i grup que estan actualment i descripci\u00f3 de l\u2019activitat a pagar\u00a0<b>(Sortida PAU 11, 12 i 13\/06\/2025 \u2013 2n BTX \u2013 50\u20ac)<\/b>.\u00a0 Cliqueu\u00a0<b><i>Realitzar pagament<\/i><\/b>\u00a0i us dirigir\u00e0 a la plataforma de pagament amb targeta. Es pot fer tamb\u00e9 des del m\u00f2bil.<\/span><\/p>\n<p><b><span style=\"font-family: comic sans ms, sans-serif;\">Teniu temps de portar l\u2019autoritzaci\u00f3 a secretaria fins el\u00a0<u>dia 22 de maig de 2025<\/u><\/span><\/b><\/p>\n<h5 style=\"text-align: center;\"><a href=\"https:\/\/agora.xtec.cat\/iesermengolquart\/wp-content\/uploads\/usu1239\/2025\/05\/Carta-autocar-PAU.pdf\" target=\"_blank\" rel=\"noopener\">AUTORITZACI\u00d3<\/a><\/h5>\n","protected":false},"excerpt":{"rendered":"<p>Els comuniquem que els dies 11, 12 i 13 de juny de 2025 els alumnes de 2n de Batxillerat aniran a Lleida a realitzar les Proves d\u2019Acc\u00e9s a la Universitat (PAU).<\/p>\n<p>El servei nom\u00e9s es far\u00e0 si hi ha un nombre suficient d\u2019alumnat interessat. En cas contrari el transport anir\u00e0 a c\u00e0rrec de cada fam\u00edlia.&hellip;  <a href=\"https:\/\/agora.xtec.cat\/iesermengolquart\/batxillerat\/autocar-proves-acces-a-la-universitat-2n-btx\/\" title=\"Read AUTOCAR PROVES ACC\u00c9S A LA UNIVERSITAT &#8211; 2n BTX\">Llegeix m\u00e9s\u00bb<\/a><\/p>\n","protected":false},"author":1,"featured_media":5695,"comment_status":"closed","ping_status":"closed","sticky":false,"template":"","format":"standard","meta":{"_bbp_topic_count":0,"_bbp_reply_count":0,"_bbp_total_topic_count":0,"_bbp_total_reply_count":0,"_bbp_voice_count":0,"_bbp_anonymous_reply_count":0,"_bbp_topic_count_hidden":0,"_bbp_reply_count_hidden":0,"_bbp_forum_subforum_count":0,"footnotes":""},"categories":[8,29],"tags":[],"class_list":["post-5693","post","type-post","status-publish","format-standard","has-post-thumbnail","hentry","category-batxillerat","category-portada"],"post_mailing_queue_ids":[],"_links":{"self":[{"href":"https:\/\/agora.xtec.cat\/iesermengolquart\/wp-json\/wp\/v2\/posts\/5693","targetHints":{"allow":["GET"]}}],"collection":[{"href":"https:\/\/agora.xtec.cat\/iesermengolquart\/wp-json\/wp\/v2\/posts"}],"about":[{"href":"https:\/\/agora.xtec.cat\/iesermengolquart\/wp-json\/wp\/v2\/types\/post"}],"author":[{"embeddable":true,"href":"https:\/\/agora.xtec.cat\/iesermengolquart\/wp-json\/wp\/v2\/users\/1"}],"replies":[{"embeddable":true,"href":"https:\/\/agora.xtec.cat\/iesermengolquart\/wp-json\/wp\/v2\/comments?post=5693"}],"version-history":[{"count":1,"href":"https:\/\/agora.xtec.cat\/iesermengolquart\/wp-json\/wp\/v2\/posts\/5693\/revisions"}],"predecessor-version":[{"id":5696,"href":"https:\/\/agora.xtec.cat\/iesermengolquart\/wp-json\/wp\/v2\/posts\/5693\/revisions\/5696"}],"wp:featuredmedia":[{"embeddable":true,"href":"https:\/\/agora.xtec.cat\/iesermengolquart\/wp-json\/wp\/v2\/media\/5695"}],"wp:attachment":[{"href":"https:\/\/agora.xtec.cat\/iesermengolquart\/wp-json\/wp\/v2\/media?parent=5693"}],"wp:term":[{"taxonomy":"category","embeddable":true,"href":"https:\/\/agora.xtec.cat\/iesermengolquart\/wp-json\/wp\/v2\/categories?post=5693"},{"taxonomy":"post_tag","embeddable":true,"href":"https:\/\/agora.xtec.cat\/iesermengolquart\/wp-json\/wp\/v2\/tags?post=5693"}],"curies":[{"name":"wp","href":"https:\/\/api.w.org\/{rel}","templated":true}]}}