{"id":3245,"date":"2020-05-25T17:34:36","date_gmt":"2020-05-25T15:34:36","guid":{"rendered":"http:\/\/agora.xtec.cat\/iesermengolquart\/?p=3245"},"modified":"2020-05-25T17:34:36","modified_gmt":"2020-05-25T15:34:36","slug":"revista-disseny-creatiu-duna-mascareta-de-proteccio","status":"publish","type":"post","link":"https:\/\/agora.xtec.cat\/iesermengolquart\/eso\/eso-3\/revista-disseny-creatiu-duna-mascareta-de-proteccio\/","title":{"rendered":"REVISTA &#8211; Disseny creatiu d&#8217;una mascareta de protecci\u00f3"},"content":{"rendered":"<p><span lang=\"CA\">L&#8217;alumnat de 3r ESO de l&#8217;INS ERMENGOL IV h<\/span><span lang=\"CA\">em creat i constru\u00eft mascaretes amb un\u00a0<\/span><span lang=\"CA\">disseny motivador i original,<\/span><span lang=\"CA\">\u00a0perqu\u00e8 tots volem dur mascaretes boniques, amb les quals ens sentim c\u00f2modes, ens veiem b\u00e9, representi la nostra identitat i el nostre somriure. Tamb\u00e9 hem tingut en compte, en el seu disseny, l&#8217;\u00fas d&#8217;aquesta nova pe\u00e7a de vestir, ja que es preveu el seu \u00fas durant un temps, o per temporades, com passa amb la bufanda i els guants.<\/span><\/p>\n<p><span lang=\"CA\">Els resultats s\u00f3n realment estimulants!<\/span><\/p>\n<p>(<i>Proposta realitzada des de l&#8217;assignatura d&#8217;EVP<\/i>)<\/p>\n<div><img loading=\"lazy\" decoding=\"async\" class=\"CToWUd\" src=\"https:\/\/mail.google.com\/mail\/u\/0?ui=2&amp;ik=aec1d0914e&amp;attid=0.1&amp;permmsgid=msg-f:1667661408904452513&amp;th=1724b9373b6099a1&amp;view=fimg&amp;sz=s0-l75-ft&amp;attbid=ANGjdJ-v52u9E0foZJ2EW441NSxu0_A8GSgHVSTVpQbhI2n999tsJa1_7YgoM1kSTs5ook0Tn-EJxXidjc9byGu-CtlBkOSf4Qb6E7q9OcpTnCu5yjrxoVb5643LWY4&amp;disp=emb&amp;realattid=ii_kamcxsx30\" alt=\"image.png\" width=\"103\" height=\"92\" data-image-whitelisted=\"\" \/><b>Tot anir\u00e0 b\u00e9!<\/b><\/div>\n<div><\/div>\n<div><\/div>\n<p><iframe loading=\"lazy\" src=\"https:\/\/docs.google.com\/presentation\/d\/e\/2PACX-1vQR0CHhMhd5TkZN6GcqFcuY8XQxCo1VyhtC21Wn8PbfdFFknIZz6QifnXi98qhVn1C7jr4qhGTsaiht\/embed?start=true&amp;loop=true&amp;delayms=5000\" width=\"960\" height=\"749\" frameborder=\"0\"><\/iframe><\/p>\n","protected":false},"excerpt":{"rendered":"<p>L&#8217;alumnat de 3r ESO de l&#8217;INS ERMENGOL IV hem creat i constru\u00eft mascaretes amb un\u00a0disseny motivador i original,\u00a0perqu\u00e8 tots volem dur mascaretes boniques, amb les quals ens sentim c\u00f2modes, ens veiem b\u00e9&hellip;  <a href=\"https:\/\/agora.xtec.cat\/iesermengolquart\/eso\/eso-3\/revista-disseny-creatiu-duna-mascareta-de-proteccio\/\" title=\"Read REVISTA &#8211; Disseny creatiu d&#8217;una mascareta de protecci\u00f3\">Llegeix m\u00e9s\u00bb<\/a><\/p>\n","protected":false},"author":1,"featured_media":3246,"comment_status":"closed","ping_status":"closed","sticky":false,"template":"","format":"standard","meta":{"_bbp_topic_count":0,"_bbp_reply_count":0,"_bbp_total_topic_count":0,"_bbp_total_reply_count":0,"_bbp_voice_count":0,"_bbp_anonymous_reply_count":0,"_bbp_topic_count_hidden":0,"_bbp_reply_count_hidden":0,"_bbp_forum_subforum_count":0,"footnotes":""},"categories":[6,29,67],"tags":[],"class_list":["post-3245","post","type-post","status-publish","format-standard","has-post-thumbnail","hentry","category-eso-3","category-portada","category-revista"],"post_mailing_queue_ids":[],"_links":{"self":[{"href":"https:\/\/agora.xtec.cat\/iesermengolquart\/wp-json\/wp\/v2\/posts\/3245","targetHints":{"allow":["GET"]}}],"collection":[{"href":"https:\/\/agora.xtec.cat\/iesermengolquart\/wp-json\/wp\/v2\/posts"}],"about":[{"href":"https:\/\/agora.xtec.cat\/iesermengolquart\/wp-json\/wp\/v2\/types\/post"}],"author":[{"embeddable":true,"href":"https:\/\/agora.xtec.cat\/iesermengolquart\/wp-json\/wp\/v2\/users\/1"}],"replies":[{"embeddable":true,"href":"https:\/\/agora.xtec.cat\/iesermengolquart\/wp-json\/wp\/v2\/comments?post=3245"}],"version-history":[{"count":1,"href":"https:\/\/agora.xtec.cat\/iesermengolquart\/wp-json\/wp\/v2\/posts\/3245\/revisions"}],"predecessor-version":[{"id":3247,"href":"https:\/\/agora.xtec.cat\/iesermengolquart\/wp-json\/wp\/v2\/posts\/3245\/revisions\/3247"}],"wp:featuredmedia":[{"embeddable":true,"href":"https:\/\/agora.xtec.cat\/iesermengolquart\/wp-json\/wp\/v2\/media\/3246"}],"wp:attachment":[{"href":"https:\/\/agora.xtec.cat\/iesermengolquart\/wp-json\/wp\/v2\/media?parent=3245"}],"wp:term":[{"taxonomy":"category","embeddable":true,"href":"https:\/\/agora.xtec.cat\/iesermengolquart\/wp-json\/wp\/v2\/categories?post=3245"},{"taxonomy":"post_tag","embeddable":true,"href":"https:\/\/agora.xtec.cat\/iesermengolquart\/wp-json\/wp\/v2\/tags?post=3245"}],"curies":[{"name":"wp","href":"https:\/\/api.w.org\/{rel}","templated":true}]}}