{"id":9883,"date":"2018-05-28T12:20:25","date_gmt":"2018-05-28T10:20:25","guid":{"rendered":"http:\/\/agora.xtec.cat\/ieselsplanells\/?p=9883"},"modified":"2018-05-31T12:02:42","modified_gmt":"2018-05-31T10:02:42","slug":"entrevista-a-sr-postureig-lleida","status":"publish","type":"post","link":"https:\/\/agora.xtec.cat\/ieselsplanells\/blogs-daula\/periodistes-planells\/entrevista-a-sr-postureig-lleida\/","title":{"rendered":"Entrevista a Sr. Postureig Lleida"},"content":{"rendered":"<p><em>Arnau Vidal Par\u00eds &#8211; PeriodistesPlanells.cat<\/em><\/p>\n<p><em>17 de maig 2018<\/em><\/p>\n<p><em>Lo<\/em> Sr. Postu \u00e9s un jove lleidat\u00e0 an\u00f2nim que amaga la seva identitat sota el barret de l\u2019Aplec del Caragol, una m\u00e0scara d&#8217;<em>Spiderman<\/em> i unes ulleres de sol. Ell \u00e9s l\u2019administrador del les xarxes socials de <em>@postureiglleida,\u00a0<\/em>espai d&#8217;humor basat en t\u00f2pics lleidatans. Tamb\u00e9 cal destacar les seves nombroses activitats solid\u00e0ries a les Terres de Ponent.<\/p>\n<p><a href=\"http:\/\/agora.xtec.cat\/ieselsplanells\/wp-content\/uploads\/usu1160\/2018\/05\/timthumb.jpg\"><img loading=\"lazy\" decoding=\"async\" class=\"size-full wp-image-9884 aligncenter\" src=\"http:\/\/agora.xtec.cat\/ieselsplanells\/wp-content\/uploads\/usu1160\/2018\/05\/timthumb.jpg\" alt=\"\" width=\"685\" height=\"460\" srcset=\"https:\/\/agora.xtec.cat\/ieselsplanells\/wp-content\/uploads\/usu1160\/2018\/05\/timthumb.jpg 685w, https:\/\/agora.xtec.cat\/ieselsplanells\/wp-content\/uploads\/usu1160\/2018\/05\/timthumb-300x201.jpg 300w\" sizes=\"auto, (max-width: 685px) 100vw, 685px\" \/><\/a><em>\u00a0 \u00a0 \u00a0 \u00a0 \u00a0 \u00a0 \u00a0 \u00a0 \u00a0 \u00a0 \u00a0 \u00a0 \u00a0 \u00a0 \u00a0 \u00a0 \u00a0 \u00a0 \u00a0 \u00a0 \u00a0 En Postu gaudint de la Seu Vella, icona de Lleida<\/em><\/p>\n<p><strong>Quan i on vas n\u00e9ixer?<\/strong><\/p>\n<p>Vaig n\u00e9ixer a la ciutat de Lleida, soc m\u00e9s de ciutat que un &#8220;parkimetro&#8221;&#8230; El quan no el dic mai! La gent em posa menys edat de la que tinc (per sort!)<\/p>\n<p><strong>De qu\u00e8 treballes?<\/strong><\/p>\n<p>Treballo a l&#8217;empresa familiar, a l&#8217;ordinador (amb dues pantalles, per sort!). Temes de disseny i Internet&#8230; i ja no puc dir res m\u00e9s!<\/p>\n<p><strong>Com vas tenir la idea de crear el compte d\u2019Instagram?<\/strong><\/p>\n<p>Primer vaig crear la p\u00e0gina de Facebook, i despr\u00e9s la de Twitter i Instagram. Era molt fan de la p\u00e0gina &#8216;Postureo&#8217;, que se&#8217;n reia de tot all\u00f2 que fem per aparentar i quedar b\u00e9, i vaig pensar que la versi\u00f3 catalana podia tenir \u00e8xit. Finalment, vaig fer la versi\u00f3 lleidatana\/ponentina, que la tinc m\u00e9s a m\u00e0. Aquest canvi ha estat part de l&#8217;\u00e8xit!<\/p>\n<p><strong>Com se\u2019t va oc\u00f3rrer la idea de crear les postuxapes?<\/strong><\/p>\n<p>Jo ja havia fet uns dissenys de xapes pels amics, i quan vaig crear el disseny de &#8216;I Love Popes&#8217;, de seguida se&#8217;m va oc\u00f3rrer fer-ne una xapa per ajudar al c\u00e0ncer de mama. En vaig fer 200 pensant que no les vendria totes i ja en portem m\u00e9s de 10.000!<\/p>\n<p><strong>Jo tinc la de \u201cI <\/strong><strong>\u2665<\/strong><strong> Tractors\u201d, Quines s\u00f3n les que m\u00e9s t\u2019agraden?<\/strong><\/p>\n<p>M&#8217;agraden totes, s\u00f3n com els meus fillets&#8230; Potser la de les &#8216;Popes&#8217; per ser la primera, per\u00f2 estic molt orgull\u00f3s de les socials com &#8216;Anquivulga&#8217; per Colors de Ponent (Associaci\u00f3 LGTBiQ) o &#8216;Ans\u00e8rio&#8217; per LIKA (Associaci\u00f3 feminista). Tenir una malaltia \u00e9s molt mala sort, per\u00f2 ser jutjat o menyspreat per ser tal com ets, encara pitjor.<\/p>\n<p><strong>En el teu temps lliure, qu\u00e8 t\u2019agrada fer?<\/strong><\/p>\n<p>M&#8217;agrada molt el cine i les s\u00e8ries, en segueixo moltes. M&#8217;agraden molt els c\u00f2mics i els videojocs, tot i que no me&#8217;n compro gaires. Llegeixo sovint les cr\u00edtiques que se&#8217;n fan, de s\u00e8ries, pel\u00b7l\u00edcules, c\u00f2mics i jocs, encara que no les hagi vist o no hi hagi jugat, per\u00f2 m&#8217;agraden les hist\u00f2ries. Aquest any he anat m\u00e9s al gimn\u00e0s, i els dissabtes necessito com a m\u00ednim una nit per veure els amics&#8230; Va b\u00e9 per desconnectar!<\/p>\n<p><strong>Ets l\u2019\u00fanic que treballa amb el compte d\u2019Instagram o hi ha m\u00e9s persones al darrere?<\/strong><\/p>\n<p>Soc l&#8217;\u00fanic, crec que \u00e9s part de la gr\u00e0cia. Ho faig tot jo i ho penjo tot jo, per\u00f2 el dia que la &#8216;PostuSister&#8217; vulgui potser la faig &#8220;s\u00f2cia&#8221;. Aix\u00f2 s\u00ed, molts &#8216;PostuFans&#8217; m&#8217;envien material&#8230; Sort d&#8217;ells!<\/p>\n<p><strong>Qu\u00e8 \u00e9s el que m\u00e9s t\u2019agrada de les Terres de Lleida?<\/strong><\/p>\n<p>Em costa triar&#8230; El cel lleidatanament blau, la tranquil\u00b7litat, la gent&#8230; La Seu Vella! Soc un &#8220;animorat&#8221; de Lleida i Ponent.<\/p>\n<p><strong>Com decideixes a quins projectes participes?<\/strong><\/p>\n<p>Doncs dep\u00e8n. A vegades em fan propostes, a vegades tinc idees jo. Miro que siguin de la zona de Lleida i Ponent perqu\u00e8 si no se&#8217;m faria molt gran. Parlem amb la persona que necessita un cop de m\u00e0, o que el pot donar, i si ens posem d&#8217;acord doncs&#8230; Endavant!<\/p>\n<p><strong>Com va sorgir la idea del Postu?<\/strong><\/p>\n<p>Despr\u00e9s de crear els comptes, vaig veure que alguns textos els havia de firmar&#8230; No recordo exactament el moment per\u00f2 vaig comen\u00e7ar firmant com Sr. Postu. Despr\u00e9s, ja van venir els actes, la tele&#8230; Hi havia d&#8217;anar! \u00c9s quan vaig agafar la m\u00e0scara i les ulleres (a banda del barret, que ja el duia des del principi). I ara ja la imatge del Sr. Postu \u00e9s una icona per Lleida; \u00e9s molt <em>guay<\/em>!<\/p>\n<p><strong>El que m\u00e9s m\u2019agrada del teu personatge \u00e9s la teva ironia i la solidaritat dels teus projectes. Per aquest motiu, i ja per acabar, volia preguntar-te si el personatge ir\u00f2nic del Postu evolucionar\u00e0 i es far\u00e0 m\u00e9s gran.<\/strong><\/p>\n<p>S\u00ed, la idea \u00e9s seguir creixent, seguir fent den\u00fancia social i seguir ajudant amb all\u00f2 que puguem&#8230; I fer que Lleida i Ponent, siguin no m\u00e9s grans, sin\u00f3 millors!<\/p>\n<p><strong>Moltes gr\u00e0cies per haver col\u00b7laborat.<\/strong><\/p>\n<p>Un plaer!!<\/p>\n","protected":false},"excerpt":{"rendered":"<p>@postureiglleida&hellip;  <a href=\"https:\/\/agora.xtec.cat\/ieselsplanells\/blogs-daula\/periodistes-planells\/entrevista-a-sr-postureig-lleida\/\" title=\"Read Entrevista a Sr. Postureig Lleida\">Llegeix m\u00e9s\u00bb<\/a><\/p>\n","protected":false},"author":136,"featured_media":9884,"comment_status":"open","ping_status":"closed","sticky":false,"template":"","format":"standard","meta":{"_bbp_topic_count":0,"_bbp_reply_count":0,"_bbp_total_topic_count":0,"_bbp_total_reply_count":0,"_bbp_voice_count":0,"_bbp_anonymous_reply_count":0,"_bbp_topic_count_hidden":0,"_bbp_reply_count_hidden":0,"_bbp_forum_subforum_count":0,"footnotes":""},"categories":[344,340],"tags":[],"class_list":["post-9883","post","type-post","status-publish","format-standard","has-post-thumbnail","hentry","category-entrevistes","category-periodistes-planells"],"post_mailing_queue_ids":[],"_links":{"self":[{"href":"https:\/\/agora.xtec.cat\/ieselsplanells\/wp-json\/wp\/v2\/posts\/9883","targetHints":{"allow":["GET"]}}],"collection":[{"href":"https:\/\/agora.xtec.cat\/ieselsplanells\/wp-json\/wp\/v2\/posts"}],"about":[{"href":"https:\/\/agora.xtec.cat\/ieselsplanells\/wp-json\/wp\/v2\/types\/post"}],"author":[{"embeddable":true,"href":"https:\/\/agora.xtec.cat\/ieselsplanells\/wp-json\/wp\/v2\/users\/136"}],"replies":[{"embeddable":true,"href":"https:\/\/agora.xtec.cat\/ieselsplanells\/wp-json\/wp\/v2\/comments?post=9883"}],"version-history":[{"count":3,"href":"https:\/\/agora.xtec.cat\/ieselsplanells\/wp-json\/wp\/v2\/posts\/9883\/revisions"}],"predecessor-version":[{"id":9906,"href":"https:\/\/agora.xtec.cat\/ieselsplanells\/wp-json\/wp\/v2\/posts\/9883\/revisions\/9906"}],"wp:featuredmedia":[{"embeddable":true,"href":"https:\/\/agora.xtec.cat\/ieselsplanells\/wp-json\/wp\/v2\/media\/9884"}],"wp:attachment":[{"href":"https:\/\/agora.xtec.cat\/ieselsplanells\/wp-json\/wp\/v2\/media?parent=9883"}],"wp:term":[{"taxonomy":"category","embeddable":true,"href":"https:\/\/agora.xtec.cat\/ieselsplanells\/wp-json\/wp\/v2\/categories?post=9883"},{"taxonomy":"post_tag","embeddable":true,"href":"https:\/\/agora.xtec.cat\/ieselsplanells\/wp-json\/wp\/v2\/tags?post=9883"}],"curies":[{"name":"wp","href":"https:\/\/api.w.org\/{rel}","templated":true}]}}