{"id":9682,"date":"2018-03-19T12:51:40","date_gmt":"2018-03-19T11:51:40","guid":{"rendered":"http:\/\/agora.xtec.cat\/ieselsplanells\/?p=9682"},"modified":"2018-03-19T12:55:42","modified_gmt":"2018-03-19T11:55:42","slug":"tornada-espectacular-per-als-alumnes-dels-planells","status":"publish","type":"post","link":"https:\/\/agora.xtec.cat\/ieselsplanells\/blogs-daula\/periodistes-planells\/tornada-espectacular-per-als-alumnes-dels-planells\/","title":{"rendered":"Tornada espectacular de l&#8217;alumnat d&#8217;Els Planells"},"content":{"rendered":"<p style=\"text-align: center;\"><strong>Ahir, despr\u00e9s d\u2019una fant\u00e0stica setmana a Irlanda, l&#8217;alumnat d\u2019Els Planells van tornar a casa<\/strong><a href=\"http:\/\/agora.xtec.cat\/ieselsplanells\/wp-content\/uploads\/usu1160\/2017\/12\/IMG-20171204-WA0005.jpg\"><img loading=\"lazy\" decoding=\"async\" class=\"alignnone size-large wp-image-9384\" src=\"http:\/\/agora.xtec.cat\/ieselsplanells\/wp-content\/uploads\/usu1160\/2017\/12\/IMG-20171204-WA0005-1024x576.jpg\" alt=\"\" width=\"1024\" height=\"576\" srcset=\"https:\/\/agora.xtec.cat\/ieselsplanells\/wp-content\/uploads\/usu1160\/2017\/12\/IMG-20171204-WA0005-1024x576.jpg 1024w, https:\/\/agora.xtec.cat\/ieselsplanells\/wp-content\/uploads\/usu1160\/2017\/12\/IMG-20171204-WA0005-300x169.jpg 300w, https:\/\/agora.xtec.cat\/ieselsplanells\/wp-content\/uploads\/usu1160\/2017\/12\/IMG-20171204-WA0005-768x432.jpg 768w, https:\/\/agora.xtec.cat\/ieselsplanells\/wp-content\/uploads\/usu1160\/2017\/12\/IMG-20171204-WA0005.jpg 1600w\" sizes=\"auto, (max-width: 1024px) 100vw, 1024px\" \/><\/a><\/p>\n<p>X\u00e8nia Zamora Mayora, 12-12-2017, Artesa de Segre<\/p>\n<p>Despr\u00e9s d\u2019una setmana a Irlanda toca tornar a casa, a veure la fam\u00edlia i les persones estimades. A les 7:45 del mat\u00ed tots els alumnes estaven a l\u2019estaci\u00f3 de tren amb les seves maletes, tot i que unes alumnes van arribar una mica tard ja que se\u2019ls va punxar la roda del cotxe que les portava al punt de trobada. Era un dels dies m\u00e9s freds de tota la nostra estada ling\u00fc\u00edstica i l\u2019autob\u00fas no arribava, aix\u00ed que per fer passar el fred, els professors m\u00e9s divertits de l\u2019institut, es van posar a ballar fins que va arribar l\u2019autocar, mitja hora m\u00e9s tard del previst. La resta del dia, en general, va anar molt b\u00e9. A l\u2019hora d&#8217;enlairar, alguns alumnes estaven nerviosos perqu\u00e8 l\u2019avi\u00f3 no s\u2019incorporava, per\u00f2 van comunicar que estaven omplint el dip\u00f2sit de l\u2019avi\u00f3 i tardaria una mica.Quan ja hav\u00edem fet la meitat del vol hi van haver unes petites turbul\u00e8ncies, res greu, ja que no ens van fer cordar el cintur\u00f3 fins a l\u2019hora d\u2019aterrar. El retard de l\u2019avi\u00f3 ens va deixar gaudir d&#8217;una espectacular i bonica posta de sol durant tot el trajecte fins a Barcelona, on des de l\u2019aire vam poder veure tota la ciutat il\u00b7luminada.<\/p>\n","protected":false},"excerpt":{"rendered":"<p>Tornada a Artesa&hellip;  <a href=\"https:\/\/agora.xtec.cat\/ieselsplanells\/blogs-daula\/periodistes-planells\/tornada-espectacular-per-als-alumnes-dels-planells\/\" title=\"Read Tornada espectacular de l&#8217;alumnat d&#8217;Els Planells\">Llegeix m\u00e9s\u00bb<\/a><\/p>\n","protected":false},"author":146,"featured_media":9384,"comment_status":"open","ping_status":"closed","sticky":false,"template":"","format":"standard","meta":{"_bbp_topic_count":0,"_bbp_reply_count":0,"_bbp_total_topic_count":0,"_bbp_total_reply_count":0,"_bbp_voice_count":0,"_bbp_anonymous_reply_count":0,"_bbp_topic_count_hidden":0,"_bbp_reply_count_hidden":0,"_bbp_forum_subforum_count":0,"footnotes":""},"categories":[342,340],"tags":[],"class_list":["post-9682","post","type-post","status-publish","format-standard","has-post-thumbnail","hentry","category-noticies","category-periodistes-planells"],"post_mailing_queue_ids":[],"_links":{"self":[{"href":"https:\/\/agora.xtec.cat\/ieselsplanells\/wp-json\/wp\/v2\/posts\/9682","targetHints":{"allow":["GET"]}}],"collection":[{"href":"https:\/\/agora.xtec.cat\/ieselsplanells\/wp-json\/wp\/v2\/posts"}],"about":[{"href":"https:\/\/agora.xtec.cat\/ieselsplanells\/wp-json\/wp\/v2\/types\/post"}],"author":[{"embeddable":true,"href":"https:\/\/agora.xtec.cat\/ieselsplanells\/wp-json\/wp\/v2\/users\/146"}],"replies":[{"embeddable":true,"href":"https:\/\/agora.xtec.cat\/ieselsplanells\/wp-json\/wp\/v2\/comments?post=9682"}],"version-history":[{"count":3,"href":"https:\/\/agora.xtec.cat\/ieselsplanells\/wp-json\/wp\/v2\/posts\/9682\/revisions"}],"predecessor-version":[{"id":9728,"href":"https:\/\/agora.xtec.cat\/ieselsplanells\/wp-json\/wp\/v2\/posts\/9682\/revisions\/9728"}],"wp:featuredmedia":[{"embeddable":true,"href":"https:\/\/agora.xtec.cat\/ieselsplanells\/wp-json\/wp\/v2\/media\/9384"}],"wp:attachment":[{"href":"https:\/\/agora.xtec.cat\/ieselsplanells\/wp-json\/wp\/v2\/media?parent=9682"}],"wp:term":[{"taxonomy":"category","embeddable":true,"href":"https:\/\/agora.xtec.cat\/ieselsplanells\/wp-json\/wp\/v2\/categories?post=9682"},{"taxonomy":"post_tag","embeddable":true,"href":"https:\/\/agora.xtec.cat\/ieselsplanells\/wp-json\/wp\/v2\/tags?post=9682"}],"curies":[{"name":"wp","href":"https:\/\/api.w.org\/{rel}","templated":true}]}}