{"id":9628,"date":"2018-02-26T13:41:11","date_gmt":"2018-02-26T12:41:11","guid":{"rendered":"http:\/\/agora.xtec.cat\/ieselsplanells\/?p=9628"},"modified":"2018-10-02T12:52:45","modified_gmt":"2018-10-02T10:52:45","slug":"tallers-per-a-pares-i-mares-prevencio-de-les-drogodependencies","status":"publish","type":"post","link":"https:\/\/agora.xtec.cat\/ieselsplanells\/general\/tallers-per-a-pares-i-mares-prevencio-de-les-drogodependencies\/","title":{"rendered":"Tallers per a pares i mares sobre la prevenci\u00f3 de les drogodepend\u00e8ncies"},"content":{"rendered":"<p style=\"text-align: justify;\"><a href=\"http:\/\/agora.xtec.cat\/ieselsplanells\/wp-content\/uploads\/usu1160\/2018\/02\/concurs-prevencio.png\"><img loading=\"lazy\" decoding=\"async\" class=\"aligncenter wp-image-9629 size-medium\" src=\"http:\/\/agora.xtec.cat\/ieselsplanells\/wp-content\/uploads\/usu1160\/2018\/02\/concurs-prevencio-300x192.png\" alt=\"\" width=\"300\" height=\"192\" srcset=\"https:\/\/agora.xtec.cat\/ieselsplanells\/wp-content\/uploads\/usu1160\/2018\/02\/concurs-prevencio-300x192.png 300w, https:\/\/agora.xtec.cat\/ieselsplanells\/wp-content\/uploads\/usu1160\/2018\/02\/concurs-prevencio-768x491.png 768w, https:\/\/agora.xtec.cat\/ieselsplanells\/wp-content\/uploads\/usu1160\/2018\/02\/concurs-prevencio-1024x654.png 1024w, https:\/\/agora.xtec.cat\/ieselsplanells\/wp-content\/uploads\/usu1160\/2018\/02\/concurs-prevencio.png 1050w\" sizes=\"auto, (max-width: 300px) 100vw, 300px\" \/><\/a><\/p>\n<p style=\"text-align: justify;\">La Subdirecci\u00f3 General de Drogodepend\u00e8ncies de l&#8217;Ag\u00e8ncia de Salut P\u00fablica de Catalunya, ofereix a pares i mares el programa <strong>&#8220;Connecta amb els teus fills i filles. Com prevenir el consum de drogues i altres conductes de risc?&#8221;<\/strong><\/p>\n<p style=\"text-align: justify;\">Els tallers adre\u00e7ats a pares i mares de 1r a 4t d&#8217;ESO tindran lloc a l&#8217;Institut Els Planells, els dies<strong> 8 i 15 de mar\u00e7 de 2018 a les 19:00 hores<\/strong>. Estaran condu\u00efts per Marta Capdevila, psic\u00f2loga experta en educaci\u00f3 i treball amb fam\u00edlies.<\/p>\n<p style=\"text-align: justify;\">Us hi esperem!<\/p>\n","protected":false},"excerpt":{"rendered":"<p>Tallers per a pares i mares de la ESO sobre com prevenir el consum de drogues i altres conductes de risc.&hellip;  <a href=\"https:\/\/agora.xtec.cat\/ieselsplanells\/general\/tallers-per-a-pares-i-mares-prevencio-de-les-drogodependencies\/\" title=\"Read Tallers per a pares i mares sobre la prevenci\u00f3 de les drogodepend\u00e8ncies\">Llegeix m\u00e9s\u00bb<\/a><\/p>\n","protected":false},"author":4,"featured_media":9629,"comment_status":"open","ping_status":"closed","sticky":false,"template":"","format":"standard","meta":{"_bbp_topic_count":0,"_bbp_reply_count":0,"_bbp_total_topic_count":0,"_bbp_total_reply_count":0,"_bbp_voice_count":0,"_bbp_anonymous_reply_count":0,"_bbp_topic_count_hidden":0,"_bbp_reply_count_hidden":0,"_bbp_forum_subforum_count":0,"footnotes":""},"categories":[353,1,29],"tags":[],"class_list":["post-9628","post","type-post","status-publish","format-standard","has-post-thumbnail","hentry","category-curs-2017-2018","category-general","category-portada"],"post_mailing_queue_ids":[],"_links":{"self":[{"href":"https:\/\/agora.xtec.cat\/ieselsplanells\/wp-json\/wp\/v2\/posts\/9628","targetHints":{"allow":["GET"]}}],"collection":[{"href":"https:\/\/agora.xtec.cat\/ieselsplanells\/wp-json\/wp\/v2\/posts"}],"about":[{"href":"https:\/\/agora.xtec.cat\/ieselsplanells\/wp-json\/wp\/v2\/types\/post"}],"author":[{"embeddable":true,"href":"https:\/\/agora.xtec.cat\/ieselsplanells\/wp-json\/wp\/v2\/users\/4"}],"replies":[{"embeddable":true,"href":"https:\/\/agora.xtec.cat\/ieselsplanells\/wp-json\/wp\/v2\/comments?post=9628"}],"version-history":[{"count":3,"href":"https:\/\/agora.xtec.cat\/ieselsplanells\/wp-json\/wp\/v2\/posts\/9628\/revisions"}],"predecessor-version":[{"id":9641,"href":"https:\/\/agora.xtec.cat\/ieselsplanells\/wp-json\/wp\/v2\/posts\/9628\/revisions\/9641"}],"wp:featuredmedia":[{"embeddable":true,"href":"https:\/\/agora.xtec.cat\/ieselsplanells\/wp-json\/wp\/v2\/media\/9629"}],"wp:attachment":[{"href":"https:\/\/agora.xtec.cat\/ieselsplanells\/wp-json\/wp\/v2\/media?parent=9628"}],"wp:term":[{"taxonomy":"category","embeddable":true,"href":"https:\/\/agora.xtec.cat\/ieselsplanells\/wp-json\/wp\/v2\/categories?post=9628"},{"taxonomy":"post_tag","embeddable":true,"href":"https:\/\/agora.xtec.cat\/ieselsplanells\/wp-json\/wp\/v2\/tags?post=9628"}],"curies":[{"name":"wp","href":"https:\/\/api.w.org\/{rel}","templated":true}]}}