{"id":951,"date":"2016-09-07T12:20:04","date_gmt":"2016-09-07T10:20:04","guid":{"rendered":"http:\/\/agora.xtec.cat\/ieselsplanells\/?p=951"},"modified":"2017-09-08T13:07:29","modified_gmt":"2017-09-08T11:07:29","slug":"nou-espai-del-departament-dorientacio","status":"publish","type":"post","link":"https:\/\/agora.xtec.cat\/ieselsplanells\/portada\/nou-espai-del-departament-dorientacio\/","title":{"rendered":"Nou espai del departament d&#8217;Orientaci\u00f3"},"content":{"rendered":"<p>Aquest curs disposem d&#8217;un nou espai de comunicaci\u00f3 del Departament d&#8217;Orientaci\u00f3 dins d&#8217;aquesta mateixa p\u00e0gina web. Podreu trobar-lo al Men\u00fa \/ Departaments \/ Orientaci\u00f3.<\/p>\n<p>Tanmateix us deixem el link al bloc que entre el departament d&#8217;Orientaci\u00f3 i en Jaume Marc\u00e9 van crear i mantenir durant\u00a0el curs passat:<\/p>\n<p><a href=\"http:\/\/blocs.xtec.cat\/orientacioeducativainselsplanells\/\" target=\"_blank\">Orientaci\u00f3 educativa INS Els Planells<\/a><\/p>\n","protected":false},"excerpt":{"rendered":"<p>Aquest curs podeu trobar el bloc d&#8217;Orientaci\u00f3 en aquesta p\u00e0gina web.&hellip;  <a href=\"https:\/\/agora.xtec.cat\/ieselsplanells\/portada\/nou-espai-del-departament-dorientacio\/\" title=\"Read Nou espai del departament d&#8217;Orientaci\u00f3\">Llegeix m\u00e9s\u00bb<\/a><\/p>\n","protected":false},"author":1,"featured_media":954,"comment_status":"open","ping_status":"open","sticky":false,"template":"","format":"standard","meta":{"_bbp_topic_count":0,"_bbp_reply_count":0,"_bbp_total_topic_count":0,"_bbp_total_reply_count":0,"_bbp_voice_count":0,"_bbp_anonymous_reply_count":0,"_bbp_topic_count_hidden":0,"_bbp_reply_count_hidden":0,"_bbp_forum_subforum_count":0,"footnotes":""},"categories":[330,29],"tags":[66],"class_list":["post-951","post","type-post","status-publish","format-standard","has-post-thumbnail","hentry","category-curs1617","category-portada","tag-orientacio"],"post_mailing_queue_ids":[],"_links":{"self":[{"href":"https:\/\/agora.xtec.cat\/ieselsplanells\/wp-json\/wp\/v2\/posts\/951","targetHints":{"allow":["GET"]}}],"collection":[{"href":"https:\/\/agora.xtec.cat\/ieselsplanells\/wp-json\/wp\/v2\/posts"}],"about":[{"href":"https:\/\/agora.xtec.cat\/ieselsplanells\/wp-json\/wp\/v2\/types\/post"}],"author":[{"embeddable":true,"href":"https:\/\/agora.xtec.cat\/ieselsplanells\/wp-json\/wp\/v2\/users\/1"}],"replies":[{"embeddable":true,"href":"https:\/\/agora.xtec.cat\/ieselsplanells\/wp-json\/wp\/v2\/comments?post=951"}],"version-history":[{"count":3,"href":"https:\/\/agora.xtec.cat\/ieselsplanells\/wp-json\/wp\/v2\/posts\/951\/revisions"}],"predecessor-version":[{"id":956,"href":"https:\/\/agora.xtec.cat\/ieselsplanells\/wp-json\/wp\/v2\/posts\/951\/revisions\/956"}],"wp:featuredmedia":[{"embeddable":true,"href":"https:\/\/agora.xtec.cat\/ieselsplanells\/wp-json\/wp\/v2\/media\/954"}],"wp:attachment":[{"href":"https:\/\/agora.xtec.cat\/ieselsplanells\/wp-json\/wp\/v2\/media?parent=951"}],"wp:term":[{"taxonomy":"category","embeddable":true,"href":"https:\/\/agora.xtec.cat\/ieselsplanells\/wp-json\/wp\/v2\/categories?post=951"},{"taxonomy":"post_tag","embeddable":true,"href":"https:\/\/agora.xtec.cat\/ieselsplanells\/wp-json\/wp\/v2\/tags?post=951"}],"curies":[{"name":"wp","href":"https:\/\/api.w.org\/{rel}","templated":true}]}}