{"id":9297,"date":"2017-11-11T00:01:55","date_gmt":"2017-11-10T23:01:55","guid":{"rendered":"http:\/\/agora.xtec.cat\/ieselsplanells\/?p=9297"},"modified":"2018-09-07T13:12:10","modified_gmt":"2018-09-07T11:12:10","slug":"the-world-we-have-the-world-we-need-our-projects-in-las-rozas","status":"publish","type":"post","link":"https:\/\/agora.xtec.cat\/ieselsplanells\/general\/the-world-we-have-the-world-we-need-our-projects-in-las-rozas\/","title":{"rendered":"The World We Have, The World We Need: Our Projects in Las Rozas"},"content":{"rendered":"<p>&nbsp;<\/p>\n<p><a href=\"http:\/\/agora.xtec.cat\/ieselsplanells\/wp-content\/uploads\/usu1160\/2017\/11\/foto-grup-Las-Rozas.jpg\"><img loading=\"lazy\" decoding=\"async\" class=\"wp-image-9306 aligncenter\" src=\"http:\/\/agora.xtec.cat\/ieselsplanells\/wp-content\/uploads\/usu1160\/2017\/11\/foto-grup-Las-Rozas.jpg\" alt=\"\" width=\"740\" height=\"416\" srcset=\"https:\/\/agora.xtec.cat\/ieselsplanells\/wp-content\/uploads\/usu1160\/2017\/11\/foto-grup-Las-Rozas.jpg 1366w, https:\/\/agora.xtec.cat\/ieselsplanells\/wp-content\/uploads\/usu1160\/2017\/11\/foto-grup-Las-Rozas-300x169.jpg 300w, https:\/\/agora.xtec.cat\/ieselsplanells\/wp-content\/uploads\/usu1160\/2017\/11\/foto-grup-Las-Rozas-768x432.jpg 768w, https:\/\/agora.xtec.cat\/ieselsplanells\/wp-content\/uploads\/usu1160\/2017\/11\/foto-grup-Las-Rozas-1024x576.jpg 1024w\" sizes=\"auto, (max-width: 740px) 100vw, 740px\" \/><\/a><\/p>\n<p>&nbsp;<\/p>\n<p style=\"text-align: left;\">During our linguistic stay in Las Rozas (Madrid) we have been called on, as concerned student-citizens, to take some action and <strong>help people become aware of the importance of our contribution towards sustainable development<\/strong> so we have carried out some projects with this aim. We hope you like them and remember&#8230; EDUCATION IS THE KEY!!!<\/p>\n<p style=\"text-align: center;\"><strong>Click on the links and watch the result of our projects!!<\/strong><\/p>\n<p style=\"text-align: center;\"><strong>PROJECT 1: <\/strong><\/p>\n<p style=\"text-align: center;\"><strong>AN AWARENESS CAMPAIGN TO SAVE ENERGY<\/strong><\/p>\n<p><strong>Objective:<\/strong> To plan and present an awareness campaign on how to get the school\u2019s electricity bill down.<\/p>\n<p><strong>Group 1:<\/strong> Maria Bar\u00f3, Pol Abell\u00f3, J\u00falia Ribera, Laia L\u00f3pez and Chams El Bennay<\/p>\n<p>Click <a href=\"https:\/\/www.youtube.com\/watch?v=eKdLd-iqcLg&amp;t=5s\">here<\/a> to see\u00a0our project<\/p>\n<p><img loading=\"lazy\" decoding=\"async\" class=\"wp-image-9310 aligncenter\" src=\"http:\/\/agora.xtec.cat\/ieselsplanells\/wp-content\/uploads\/usu1160\/2017\/11\/grup-maria-baro.jpg\" alt=\"\" width=\"431\" height=\"313\" srcset=\"https:\/\/agora.xtec.cat\/ieselsplanells\/wp-content\/uploads\/usu1160\/2017\/11\/grup-maria-baro.jpg 886w, https:\/\/agora.xtec.cat\/ieselsplanells\/wp-content\/uploads\/usu1160\/2017\/11\/grup-maria-baro-300x218.jpg 300w, https:\/\/agora.xtec.cat\/ieselsplanells\/wp-content\/uploads\/usu1160\/2017\/11\/grup-maria-baro-768x558.jpg 768w\" sizes=\"auto, (max-width: 431px) 100vw, 431px\" \/><\/p>\n<p style=\"text-align: left;\"><strong>Group 2:\u00a0<\/strong>Lorena Pedrosa, Marc Torra,Xavier Pedr\u00f3s, Carla Garcia and Daniel Ceban.<\/p>\n<p>Here is our <a href=\"https:\/\/youtu.be\/KUnjr8bFZog\">project<\/a><\/p>\n<p><a href=\"http:\/\/agora.xtec.cat\/ieselsplanells\/wp-content\/uploads\/usu1160\/2017\/11\/grup-lorena.jpg\"><img loading=\"lazy\" decoding=\"async\" class=\"wp-image-9312 aligncenter\" src=\"http:\/\/agora.xtec.cat\/ieselsplanells\/wp-content\/uploads\/usu1160\/2017\/11\/grup-lorena.jpg\" alt=\"\" width=\"401\" height=\"219\" srcset=\"https:\/\/agora.xtec.cat\/ieselsplanells\/wp-content\/uploads\/usu1160\/2017\/11\/grup-lorena.jpg 650w, https:\/\/agora.xtec.cat\/ieselsplanells\/wp-content\/uploads\/usu1160\/2017\/11\/grup-lorena-300x164.jpg 300w\" sizes=\"auto, (max-width: 401px) 100vw, 401px\" \/><\/a><\/p>\n<p>&nbsp;<\/p>\n<p style=\"text-align: center;\"><strong>PROJECT 2:<\/strong><\/p>\n<p style=\"text-align: center;\"><strong>PRESENTATION OF A COMMUNITY SERVICE<\/strong><\/p>\n<p><strong>Objective:<\/strong> To do an oral presentation to offer a community service<\/p>\n<p><strong>Group 3<\/strong>: Laia Ros, Gemma Joya, N\u00faria Regu\u00e9, Guerau Coll and No\u00e9 Vega<\/p>\n<p>If you want to watch our presentation click on this <a href=\"https:\/\/www.youtube.com\/watch?v=PmqPvW0PLOs\">link<\/a><\/p>\n<p><a href=\"http:\/\/agora.xtec.cat\/ieselsplanells\/wp-content\/uploads\/usu1160\/2017\/11\/grup-laia-ros.jpg\"><img loading=\"lazy\" decoding=\"async\" class=\"wp-image-9311 aligncenter\" src=\"http:\/\/agora.xtec.cat\/ieselsplanells\/wp-content\/uploads\/usu1160\/2017\/11\/grup-laia-ros.jpg\" alt=\"\" width=\"408\" height=\"286\" srcset=\"https:\/\/agora.xtec.cat\/ieselsplanells\/wp-content\/uploads\/usu1160\/2017\/11\/grup-laia-ros.jpg 829w, https:\/\/agora.xtec.cat\/ieselsplanells\/wp-content\/uploads\/usu1160\/2017\/11\/grup-laia-ros-300x211.jpg 300w, https:\/\/agora.xtec.cat\/ieselsplanells\/wp-content\/uploads\/usu1160\/2017\/11\/grup-laia-ros-768x539.jpg 768w\" sizes=\"auto, (max-width: 408px) 100vw, 408px\" \/><\/a><\/p>\n<p style=\"text-align: center;\"><strong>PROJECT 3:<\/strong><\/p>\n<p style=\"text-align: center;\"><strong>A BETTER YOUR TOWN CHALLENGE<\/strong><\/p>\n<p><strong>Objective:<\/strong> To make a video with a proposal to improve your town and challenge other people do the same.<\/p>\n<p><strong>Group 4:<\/strong> Maria Cases, Aina Garcia, Carlos Rodr\u00edguez, Ileana Cairol and M\u00f3nica Massan\u00e9s.<\/p>\n<p>Have a look at our <a href=\"https:\/\/youtu.be\/_SDN3xGUh4A\">challenge<\/a>!!<\/p>\n<p><a href=\"http:\/\/agora.xtec.cat\/ieselsplanells\/wp-content\/uploads\/usu1160\/2017\/11\/grup-maria-cases.jpg\"><img loading=\"lazy\" decoding=\"async\" class=\"wp-image-9313 aligncenter\" src=\"http:\/\/agora.xtec.cat\/ieselsplanells\/wp-content\/uploads\/usu1160\/2017\/11\/grup-maria-cases.jpg\" alt=\"\" width=\"446\" height=\"214\" srcset=\"https:\/\/agora.xtec.cat\/ieselsplanells\/wp-content\/uploads\/usu1160\/2017\/11\/grup-maria-cases.jpg 775w, https:\/\/agora.xtec.cat\/ieselsplanells\/wp-content\/uploads\/usu1160\/2017\/11\/grup-maria-cases-300x144.jpg 300w, https:\/\/agora.xtec.cat\/ieselsplanells\/wp-content\/uploads\/usu1160\/2017\/11\/grup-maria-cases-768x369.jpg 768w\" sizes=\"auto, (max-width: 446px) 100vw, 446px\" \/><\/a><\/p>\n<p style=\"text-align: center;\"><strong>PROJECT 4:<\/strong><\/p>\n<p style=\"text-align: center;\"><strong>AN INTERVIEW TO ELICIT NEW IDEAS FOR RESPONSIBLE CONSUMPTION<\/strong><\/p>\n<p><strong>Objective:<\/strong> Interview and videotape 5 people in order to elicit new ideas related to responsible consumption and production<\/p>\n<p><strong>Group 5:<\/strong> Edna Fontanet, Eric Colom, Ariadna Vila, Miroslav Kalinov and Jana Regu\u00e9.<\/p>\n<p>Hey!\u00a0<a href=\"https:\/\/youtu.be\/NxjFv2v8T94\">Here<\/a> you can watch our video<\/p>\n<p><img loading=\"lazy\" decoding=\"async\" class=\"wp-image-9309 aligncenter\" src=\"http:\/\/agora.xtec.cat\/ieselsplanells\/wp-content\/uploads\/usu1160\/2017\/11\/grup-edna.jpg\" alt=\"\" width=\"424\" height=\"232\" srcset=\"https:\/\/agora.xtec.cat\/ieselsplanells\/wp-content\/uploads\/usu1160\/2017\/11\/grup-edna.jpg 928w, https:\/\/agora.xtec.cat\/ieselsplanells\/wp-content\/uploads\/usu1160\/2017\/11\/grup-edna-300x164.jpg 300w, https:\/\/agora.xtec.cat\/ieselsplanells\/wp-content\/uploads\/usu1160\/2017\/11\/grup-edna-768x420.jpg 768w\" sizes=\"auto, (max-width: 424px) 100vw, 424px\" \/><\/p>\n","protected":false},"excerpt":{"rendered":"<p>Our work in Las Rozas&hellip;  <a href=\"https:\/\/agora.xtec.cat\/ieselsplanells\/general\/the-world-we-have-the-world-we-need-our-projects-in-las-rozas\/\" title=\"Read The World We Have, The World We Need: Our Projects in Las Rozas\">Llegeix m\u00e9s\u00bb<\/a><\/p>\n","protected":false},"author":27,"featured_media":9306,"comment_status":"open","ping_status":"closed","sticky":false,"template":"","format":"standard","meta":{"_bbp_topic_count":0,"_bbp_reply_count":0,"_bbp_total_topic_count":0,"_bbp_total_reply_count":0,"_bbp_voice_count":0,"_bbp_anonymous_reply_count":0,"_bbp_topic_count_hidden":0,"_bbp_reply_count_hidden":0,"_bbp_forum_subforum_count":0,"footnotes":""},"categories":[353,1,218,173,29],"tags":[],"class_list":["post-9297","post","type-post","status-publish","format-standard","has-post-thumbnail","hentry","category-curs-2017-2018","category-general","category-gep","category-llengues-departaments","category-portada"],"post_mailing_queue_ids":[],"_links":{"self":[{"href":"https:\/\/agora.xtec.cat\/ieselsplanells\/wp-json\/wp\/v2\/posts\/9297","targetHints":{"allow":["GET"]}}],"collection":[{"href":"https:\/\/agora.xtec.cat\/ieselsplanells\/wp-json\/wp\/v2\/posts"}],"about":[{"href":"https:\/\/agora.xtec.cat\/ieselsplanells\/wp-json\/wp\/v2\/types\/post"}],"author":[{"embeddable":true,"href":"https:\/\/agora.xtec.cat\/ieselsplanells\/wp-json\/wp\/v2\/users\/27"}],"replies":[{"embeddable":true,"href":"https:\/\/agora.xtec.cat\/ieselsplanells\/wp-json\/wp\/v2\/comments?post=9297"}],"version-history":[{"count":3,"href":"https:\/\/agora.xtec.cat\/ieselsplanells\/wp-json\/wp\/v2\/posts\/9297\/revisions"}],"predecessor-version":[{"id":9317,"href":"https:\/\/agora.xtec.cat\/ieselsplanells\/wp-json\/wp\/v2\/posts\/9297\/revisions\/9317"}],"wp:featuredmedia":[{"embeddable":true,"href":"https:\/\/agora.xtec.cat\/ieselsplanells\/wp-json\/wp\/v2\/media\/9306"}],"wp:attachment":[{"href":"https:\/\/agora.xtec.cat\/ieselsplanells\/wp-json\/wp\/v2\/media?parent=9297"}],"wp:term":[{"taxonomy":"category","embeddable":true,"href":"https:\/\/agora.xtec.cat\/ieselsplanells\/wp-json\/wp\/v2\/categories?post=9297"},{"taxonomy":"post_tag","embeddable":true,"href":"https:\/\/agora.xtec.cat\/ieselsplanells\/wp-json\/wp\/v2\/tags?post=9297"}],"curies":[{"name":"wp","href":"https:\/\/api.w.org\/{rel}","templated":true}]}}