{"id":9288,"date":"2017-11-06T12:05:19","date_gmt":"2017-11-06T11:05:19","guid":{"rendered":"http:\/\/agora.xtec.cat\/ieselsplanells\/?p=9288"},"modified":"2018-09-07T13:13:11","modified_gmt":"2018-09-07T11:13:11","slug":"iv-concurs-de-relats-curts-men-contes-un-de-ciencia","status":"publish","type":"post","link":"https:\/\/agora.xtec.cat\/ieselsplanells\/portada\/iv-concurs-de-relats-curts-men-contes-un-de-ciencia\/","title":{"rendered":"IV Concurs de relats curts: Me&#8217;n contes un de ci\u00e8ncia?"},"content":{"rendered":"<p style=\"text-align: justify;\">Un any m\u00e9s, l&#8217;Institut de Ci\u00e8ncies de l&#8217;Educaci\u00f3 presenta el Concurs de relats curts de tem\u00e0tica cient\u00edfica en el marc de la 22a edici\u00f3 de la Setmana de la Ci\u00e8ncia.<\/p>\n<p style=\"text-align: justify;\">Com sabeu, aquest \u00e9s un concurs literari que t\u00e9 com a objectiu fer palesa la import\u00e0ncia de l\u2019\u00fas de l&#8217;expressi\u00f3 escrita en totes les \u00e0rees del curr\u00edculum. Us hi podeu presentar amb relats escrits en catal\u00e0, castell\u00e0 i aran\u00e8s.<\/p>\n<p style=\"text-align: justify;\">Hi ha dues categories: una per prim\u00e0ria i una altra per secund\u00e0ria. Aquesta \u00faltima va dirigida a l&#8217;alumnat de 3r i 4t d&#8217;ESO. Teniu temps fins al 30 de novembre per presentar-vos.<\/p>\n<p style=\"text-align: justify;\">A continuaci\u00f3 us deixem les\u00a0 <a href=\"http:\/\/agora.xtec.cat\/ieselsplanells\/wp-content\/uploads\/usu1160\/2017\/11\/edicte.pdf\" target=\"_blank\" rel=\"noopener noreferrer\">bases <\/a>de la convocat\u00f2ria. Endavant!<\/p>\n<p style=\"text-align: justify;\"><a href=\"http:\/\/agora.xtec.cat\/ieselsplanells\/wp-content\/uploads\/usu1160\/2017\/11\/cartell-catal\u00e0-1-001.jpg\"><img loading=\"lazy\" decoding=\"async\" class=\"alignnone size-large wp-image-9292\" src=\"http:\/\/agora.xtec.cat\/ieselsplanells\/wp-content\/uploads\/usu1160\/2017\/11\/cartell-catal\u00e0-1-001-724x1024.jpg\" alt=\"\" width=\"724\" height=\"1024\" srcset=\"https:\/\/agora.xtec.cat\/ieselsplanells\/wp-content\/uploads\/usu1160\/2017\/11\/cartell-catal\u00e0-1-001-724x1024.jpg 724w, https:\/\/agora.xtec.cat\/ieselsplanells\/wp-content\/uploads\/usu1160\/2017\/11\/cartell-catal\u00e0-1-001-212x300.jpg 212w, https:\/\/agora.xtec.cat\/ieselsplanells\/wp-content\/uploads\/usu1160\/2017\/11\/cartell-catal\u00e0-1-001-768x1086.jpg 768w, https:\/\/agora.xtec.cat\/ieselsplanells\/wp-content\/uploads\/usu1160\/2017\/11\/cartell-catal\u00e0-1-001.jpg 1191w\" sizes=\"auto, (max-width: 724px) 100vw, 724px\" \/><\/a><\/p>\n","protected":false},"excerpt":{"rendered":"<p>IV Concurs de relats curts&hellip;  <a href=\"https:\/\/agora.xtec.cat\/ieselsplanells\/portada\/iv-concurs-de-relats-curts-men-contes-un-de-ciencia\/\" title=\"Read IV Concurs de relats curts: Me&#8217;n contes un de ci\u00e8ncia?\">Llegeix m\u00e9s\u00bb<\/a><\/p>\n","protected":false},"author":4,"featured_media":9292,"comment_status":"open","ping_status":"closed","sticky":false,"template":"","format":"standard","meta":{"_bbp_topic_count":0,"_bbp_reply_count":0,"_bbp_total_topic_count":0,"_bbp_total_reply_count":0,"_bbp_voice_count":0,"_bbp_anonymous_reply_count":0,"_bbp_topic_count_hidden":0,"_bbp_reply_count_hidden":0,"_bbp_forum_subforum_count":0,"footnotes":""},"categories":[168,169,353,170,29],"tags":[],"class_list":["post-9288","post","type-post","status-publish","format-standard","has-post-thumbnail","hentry","category-castella","category-catala","category-curs-2017-2018","category-experimentals","category-portada"],"post_mailing_queue_ids":[],"_links":{"self":[{"href":"https:\/\/agora.xtec.cat\/ieselsplanells\/wp-json\/wp\/v2\/posts\/9288","targetHints":{"allow":["GET"]}}],"collection":[{"href":"https:\/\/agora.xtec.cat\/ieselsplanells\/wp-json\/wp\/v2\/posts"}],"about":[{"href":"https:\/\/agora.xtec.cat\/ieselsplanells\/wp-json\/wp\/v2\/types\/post"}],"author":[{"embeddable":true,"href":"https:\/\/agora.xtec.cat\/ieselsplanells\/wp-json\/wp\/v2\/users\/4"}],"replies":[{"embeddable":true,"href":"https:\/\/agora.xtec.cat\/ieselsplanells\/wp-json\/wp\/v2\/comments?post=9288"}],"version-history":[{"count":3,"href":"https:\/\/agora.xtec.cat\/ieselsplanells\/wp-json\/wp\/v2\/posts\/9288\/revisions"}],"predecessor-version":[{"id":9294,"href":"https:\/\/agora.xtec.cat\/ieselsplanells\/wp-json\/wp\/v2\/posts\/9288\/revisions\/9294"}],"wp:featuredmedia":[{"embeddable":true,"href":"https:\/\/agora.xtec.cat\/ieselsplanells\/wp-json\/wp\/v2\/media\/9292"}],"wp:attachment":[{"href":"https:\/\/agora.xtec.cat\/ieselsplanells\/wp-json\/wp\/v2\/media?parent=9288"}],"wp:term":[{"taxonomy":"category","embeddable":true,"href":"https:\/\/agora.xtec.cat\/ieselsplanells\/wp-json\/wp\/v2\/categories?post=9288"},{"taxonomy":"post_tag","embeddable":true,"href":"https:\/\/agora.xtec.cat\/ieselsplanells\/wp-json\/wp\/v2\/tags?post=9288"}],"curies":[{"name":"wp","href":"https:\/\/api.w.org\/{rel}","templated":true}]}}