{"id":2569,"date":"2017-06-21T11:53:56","date_gmt":"2017-06-21T09:53:56","guid":{"rendered":"http:\/\/agora.xtec.cat\/ieselsplanells\/?p=2569"},"modified":"2017-09-08T13:00:44","modified_gmt":"2017-09-08T11:00:44","slug":"jornada-esportiva-i-de-tallers","status":"publish","type":"post","link":"https:\/\/agora.xtec.cat\/ieselsplanells\/portada\/jornada-esportiva-i-de-tallers\/","title":{"rendered":"Jornada esportiva i de tallers"},"content":{"rendered":"<p>Per cloure l&#8217;actual curs 2016 &#8211; 2017, a l&#8217;INS Els Planells hem pogut gaudir d&#8217;una l\u00fadica jornada esportiva i de tallers.<\/p>\n<p>Les activitats, que es van realitzar el dilluns, 19 de juny, es van organitzar en dues franges hor\u00e0ries, de manera que els diversos alumnes es podien apuntar a dues propostes diferents:<\/p>\n<table style=\"width: 618px; height: 200px; border-color: #000000;\">\n<tbody>\n<tr style=\"height: 57px;\">\n<td style=\"width: 211px; height: 57px;\">\n<p style=\"text-align: center;\"><strong>Primera franja<\/strong><\/p>\n<p style=\"text-align: center;\"><strong>9:00 &#8211; 11:15<\/strong><\/p>\n<\/td>\n<td style=\"width: 210px; height: 57px;\">\n<p style=\"text-align: center;\"><strong>Segona franja<\/strong><\/p>\n<p style=\"text-align: center;\"><strong>12:00 &#8211; 14:10<\/strong><\/p>\n<\/td>\n<\/tr>\n<tr style=\"height: 31px;\">\n<td style=\"width: 211px; height: 31px; text-align: center;\">Esport<\/td>\n<td style=\"width: 210px; height: 31px; text-align: center;\">Scrapbooking<\/td>\n<\/tr>\n<tr style=\"height: 46px;\">\n<td style=\"width: 211px; height: 46px; text-align: center;\">Gimcana<\/td>\n<td style=\"width: 210px; height: 46px; text-align: center;\">Jocs de punteria<\/td>\n<\/tr>\n<tr style=\"height: 31px;\">\n<td style=\"width: 211px; height: 31px; text-align: center;\">Zumba\/ioga<\/td>\n<td style=\"width: 210px; height: 31px; text-align: center;\">Cuina de superviv\u00e8ncia<\/td>\n<\/tr>\n<tr style=\"height: 31px;\">\n<td style=\"width: 211px; height: 31px; text-align: center;\">Lego<\/td>\n<td style=\"width: 210px; height: 31px; text-align: center;\">Karaoke<\/td>\n<\/tr>\n<tr style=\"height: 31px;\">\n<td style=\"width: 211px; height: 31px; text-align: center;\">Graffitti<\/td>\n<td style=\"width: 210px; height: 31px; text-align: center;\">Cristal\u00b7lografia<\/td>\n<\/tr>\n<tr style=\"height: 46px;\">\n<td style=\"width: 211px; height: 46px; text-align: center;\">Jocs de taula<\/td>\n<td style=\"width: 210px; height: 46px; text-align: center;\">Experiments<\/td>\n<\/tr>\n<tr style=\"height: 31px;\">\n<td style=\"width: 211px; height: 31px; text-align: center;\">Karaoke<\/td>\n<td style=\"width: 210px; height: 31px; text-align: center;\">Jocs de teatre<\/td>\n<\/tr>\n<\/tbody>\n<\/table>\n<p>Els alumnes de 1r de Batxillerat han col\u00b7laborat amb entusiasme amb la comissi\u00f3 d&#8217;Activitats de l&#8217;Institut organitzat la gimcana en qu\u00e8 hi han participat els alumnes d&#8217;ESO. El resultat d&#8217;aquest bon treball organitzatiu ha estat un mat\u00ed\u00a0divertit, ple de bons moments, d&#8217;aprenentatge, de creaci\u00f3 i de moltes rialles.<\/p>\n<p>Com sempre, us deixem un link a l&#8217;\u00e0lbum de Flickr per a que gaudiu amb les imatges de la jornada:<\/p>\n<p><a href=\"https:\/\/www.flickr.com\/photos\/139314423@N05\/albums\/72157683268618660\" target=\"_blank\">Jornada esportiva i de tallers<\/a><\/p>\n","protected":false},"excerpt":{"rendered":"<p>Activitats esportives i tallers&hellip;  <a href=\"https:\/\/agora.xtec.cat\/ieselsplanells\/portada\/jornada-esportiva-i-de-tallers\/\" title=\"Read Jornada esportiva i de tallers\">Llegeix m\u00e9s\u00bb<\/a><\/p>\n","protected":false},"author":3,"featured_media":2572,"comment_status":"open","ping_status":"closed","sticky":false,"template":"","format":"standard","meta":{"_bbp_topic_count":0,"_bbp_reply_count":0,"_bbp_total_topic_count":0,"_bbp_total_reply_count":0,"_bbp_voice_count":0,"_bbp_anonymous_reply_count":0,"_bbp_topic_count_hidden":0,"_bbp_reply_count_hidden":0,"_bbp_forum_subforum_count":0,"footnotes":""},"categories":[330,29],"tags":[194,320,321,58],"class_list":["post-2569","post","type-post","status-publish","format-standard","has-post-thumbnail","hentry","category-curs1617","category-portada","tag-2016-2017","tag-activitats","tag-comissio-dactivitats","tag-tallers"],"post_mailing_queue_ids":[],"_links":{"self":[{"href":"https:\/\/agora.xtec.cat\/ieselsplanells\/wp-json\/wp\/v2\/posts\/2569","targetHints":{"allow":["GET"]}}],"collection":[{"href":"https:\/\/agora.xtec.cat\/ieselsplanells\/wp-json\/wp\/v2\/posts"}],"about":[{"href":"https:\/\/agora.xtec.cat\/ieselsplanells\/wp-json\/wp\/v2\/types\/post"}],"author":[{"embeddable":true,"href":"https:\/\/agora.xtec.cat\/ieselsplanells\/wp-json\/wp\/v2\/users\/3"}],"replies":[{"embeddable":true,"href":"https:\/\/agora.xtec.cat\/ieselsplanells\/wp-json\/wp\/v2\/comments?post=2569"}],"version-history":[{"count":3,"href":"https:\/\/agora.xtec.cat\/ieselsplanells\/wp-json\/wp\/v2\/posts\/2569\/revisions"}],"predecessor-version":[{"id":2581,"href":"https:\/\/agora.xtec.cat\/ieselsplanells\/wp-json\/wp\/v2\/posts\/2569\/revisions\/2581"}],"wp:featuredmedia":[{"embeddable":true,"href":"https:\/\/agora.xtec.cat\/ieselsplanells\/wp-json\/wp\/v2\/media\/2572"}],"wp:attachment":[{"href":"https:\/\/agora.xtec.cat\/ieselsplanells\/wp-json\/wp\/v2\/media?parent=2569"}],"wp:term":[{"taxonomy":"category","embeddable":true,"href":"https:\/\/agora.xtec.cat\/ieselsplanells\/wp-json\/wp\/v2\/categories?post=2569"},{"taxonomy":"post_tag","embeddable":true,"href":"https:\/\/agora.xtec.cat\/ieselsplanells\/wp-json\/wp\/v2\/tags?post=2569"}],"curies":[{"name":"wp","href":"https:\/\/api.w.org\/{rel}","templated":true}]}}