{"id":2537,"date":"2017-05-22T11:40:35","date_gmt":"2017-05-22T09:40:35","guid":{"rendered":"http:\/\/agora.xtec.cat\/ieselsplanells\/?p=2537"},"modified":"2017-09-08T13:02:44","modified_gmt":"2017-09-08T11:02:44","slug":"premis-de-recerca-jove-i-premi-regino","status":"publish","type":"post","link":"https:\/\/agora.xtec.cat\/ieselsplanells\/portada\/premis-de-recerca-jove-i-premi-regino\/","title":{"rendered":"Premis de Recerca Jove i Premi Regin\u00f3"},"content":{"rendered":"<p style=\"text-align: justify;\">El passat 22 d&#8217;abril, l&#8217;exalumne de 2n de batxillerat Pau Jovell va recollir el Premi de Recerca Jove (PRJ) pel seu treball &#8220;Desigualtats econ\u00f2miques i socials en una col\u00f2nia industrial&#8221; (que ja havia estat <a href=\"http:\/\/agora.xtec.cat\/ieselsplanells\/portada\/premi-al-treball-de-recerca-pel-pau-jovell\/\" target=\"_blank\">premiat <\/a>per la Universitat Pompeu Fabra).<\/p>\n<p style=\"text-align: justify;\">Aix\u00ed mateix, l&#8217;institut va rebre el Premi Regin\u00f3 a centre que, en col\u00b7laboraci\u00f3 amb l\u2019Institut Catal\u00e0 de les Dones (ICD), reconeix la tasca del centre que impulsa treballs sobre les dones i les seves aportacions.<\/p>\n<p style=\"text-align: justify;\">Els PRJ han distingit a 88 estudiants de 3er i 4rt d\u2019ESO, Batxillerat i cicles formatius de grau superior i mitj\u00e0, que han elaborat 73 treballs d\u2019investigaci\u00f3 cient\u00edfica conjuntament amb el professorat. El guard\u00f3 tamb\u00e9 s\u2019ha concedit a 11 centres d\u2019ensenyament secundari en reconeixement a la seva activitat en aquest \u00e0mbit. La recerca \u00e9s de tipus experimental o te\u00f2ric i est\u00e0 relacionada amb qualsevol mat\u00e8ria o \u00e0rea cient\u00edfica.<\/p>\n<p style=\"text-align: justify;\">Els premis, que atorga el Govern, a trav\u00e9s de la Secretaria d\u2019Universitats i Recerca i l\u2019Ag\u00e8ncia de Gesti\u00f3 d\u2019Ajuts Universitaris i de Recerca (AGAUR), volen fomentar l\u2019esperit cient\u00edfic entre el jovent. Els premis estan dotats amb 750 euros, en el cas dels alumnes, i 2.500 euros en el cas dels centres, que els destinen a equipament de biblioteques i material docent.<\/p>\n<p>Estem molt contents pel reconeixement i volem felicitar especialment al Pau Jovell i a la Dolors Vidal, tutora del treball de recerca, per la fant\u00e0stica feina feta.<\/p>\n<p><a href=\"http:\/\/agora.xtec.cat\/ieselsplanells\/wp-content\/uploads\/usu1160\/2017\/05\/PRJ2016_COMARQUES.pdf\" target=\"_blank\">Relaci\u00f3 d&#8217;alumnat premiat<\/a><\/p>\n<p><a href=\"http:\/\/agora.xtec.cat\/ieselsplanells\/wp-content\/uploads\/usu1160\/2017\/05\/FB_IMG_1495443548899.jpg\"><img loading=\"lazy\" decoding=\"async\" class=\"alignnone size-full wp-image-2540\" src=\"http:\/\/agora.xtec.cat\/ieselsplanells\/wp-content\/uploads\/usu1160\/2017\/05\/FB_IMG_1495443548899.jpg\" alt=\"FB_IMG_1495443548899\" width=\"622\" height=\"350\" srcset=\"https:\/\/agora.xtec.cat\/ieselsplanells\/wp-content\/uploads\/usu1160\/2017\/05\/FB_IMG_1495443548899.jpg 622w, https:\/\/agora.xtec.cat\/ieselsplanells\/wp-content\/uploads\/usu1160\/2017\/05\/FB_IMG_1495443548899-300x169.jpg 300w\" sizes=\"auto, (max-width: 622px) 100vw, 622px\" \/><\/a><\/p>\n<p><a href=\"http:\/\/agora.xtec.cat\/ieselsplanells\/wp-content\/uploads\/usu1160\/2017\/05\/FB_IMG_1495443554564.jpg\"><img loading=\"lazy\" decoding=\"async\" class=\"alignnone size-full wp-image-2539\" src=\"http:\/\/agora.xtec.cat\/ieselsplanells\/wp-content\/uploads\/usu1160\/2017\/05\/FB_IMG_1495443554564.jpg\" alt=\"FB_IMG_1495443554564\" width=\"622\" height=\"350\" srcset=\"https:\/\/agora.xtec.cat\/ieselsplanells\/wp-content\/uploads\/usu1160\/2017\/05\/FB_IMG_1495443554564.jpg 622w, https:\/\/agora.xtec.cat\/ieselsplanells\/wp-content\/uploads\/usu1160\/2017\/05\/FB_IMG_1495443554564-300x169.jpg 300w\" sizes=\"auto, (max-width: 622px) 100vw, 622px\" \/><\/a><\/p>\n<p style=\"text-align: justify;\"><a href=\"http:\/\/agora.xtec.cat\/ieselsplanells\/wp-content\/uploads\/usu1160\/2017\/05\/FB_IMG_1495443560146.jpg\"><img loading=\"lazy\" decoding=\"async\" class=\"alignnone size-full wp-image-2538\" src=\"http:\/\/agora.xtec.cat\/ieselsplanells\/wp-content\/uploads\/usu1160\/2017\/05\/FB_IMG_1495443560146.jpg\" alt=\"FB_IMG_1495443560146\" width=\"622\" height=\"350\" srcset=\"https:\/\/agora.xtec.cat\/ieselsplanells\/wp-content\/uploads\/usu1160\/2017\/05\/FB_IMG_1495443560146.jpg 622w, https:\/\/agora.xtec.cat\/ieselsplanells\/wp-content\/uploads\/usu1160\/2017\/05\/FB_IMG_1495443560146-300x169.jpg 300w\" sizes=\"auto, (max-width: 622px) 100vw, 622px\" \/><\/a><\/p>\n<p style=\"text-align: justify;\"><iframe loading=\"lazy\" src=\"\/\/www.youtube.com\/embed\/G84txvJTv2k\" width=\"560\" height=\"315\" frameborder=\"0\" allowfullscreen=\"allowfullscreen\"><\/iframe><\/p>\n","protected":false},"excerpt":{"rendered":"<p>Entrega del Premi de Recerca Jove al Pau Jovell i el Premi Regin\u00f3 a centre.&hellip;  <a href=\"https:\/\/agora.xtec.cat\/ieselsplanells\/portada\/premis-de-recerca-jove-i-premi-regino\/\" title=\"Read Premis de Recerca Jove i Premi Regin\u00f3\">Llegeix m\u00e9s\u00bb<\/a><\/p>\n","protected":false},"author":4,"featured_media":2543,"comment_status":"open","ping_status":"open","sticky":false,"template":"","format":"standard","meta":{"_bbp_topic_count":0,"_bbp_reply_count":0,"_bbp_total_topic_count":0,"_bbp_total_reply_count":0,"_bbp_voice_count":0,"_bbp_anonymous_reply_count":0,"_bbp_topic_count_hidden":0,"_bbp_reply_count_hidden":0,"_bbp_forum_subforum_count":0,"footnotes":""},"categories":[330,29],"tags":[318,70],"class_list":["post-2537","post","type-post","status-publish","format-standard","has-post-thumbnail","hentry","category-curs1617","category-portada","tag-premi-de-recerca-jove","tag-premis"],"post_mailing_queue_ids":[],"_links":{"self":[{"href":"https:\/\/agora.xtec.cat\/ieselsplanells\/wp-json\/wp\/v2\/posts\/2537","targetHints":{"allow":["GET"]}}],"collection":[{"href":"https:\/\/agora.xtec.cat\/ieselsplanells\/wp-json\/wp\/v2\/posts"}],"about":[{"href":"https:\/\/agora.xtec.cat\/ieselsplanells\/wp-json\/wp\/v2\/types\/post"}],"author":[{"embeddable":true,"href":"https:\/\/agora.xtec.cat\/ieselsplanells\/wp-json\/wp\/v2\/users\/4"}],"replies":[{"embeddable":true,"href":"https:\/\/agora.xtec.cat\/ieselsplanells\/wp-json\/wp\/v2\/comments?post=2537"}],"version-history":[{"count":3,"href":"https:\/\/agora.xtec.cat\/ieselsplanells\/wp-json\/wp\/v2\/posts\/2537\/revisions"}],"predecessor-version":[{"id":2548,"href":"https:\/\/agora.xtec.cat\/ieselsplanells\/wp-json\/wp\/v2\/posts\/2537\/revisions\/2548"}],"wp:featuredmedia":[{"embeddable":true,"href":"https:\/\/agora.xtec.cat\/ieselsplanells\/wp-json\/wp\/v2\/media\/2543"}],"wp:attachment":[{"href":"https:\/\/agora.xtec.cat\/ieselsplanells\/wp-json\/wp\/v2\/media?parent=2537"}],"wp:term":[{"taxonomy":"category","embeddable":true,"href":"https:\/\/agora.xtec.cat\/ieselsplanells\/wp-json\/wp\/v2\/categories?post=2537"},{"taxonomy":"post_tag","embeddable":true,"href":"https:\/\/agora.xtec.cat\/ieselsplanells\/wp-json\/wp\/v2\/tags?post=2537"}],"curies":[{"name":"wp","href":"https:\/\/api.w.org\/{rel}","templated":true}]}}