{"id":2459,"date":"2017-04-26T15:02:17","date_gmt":"2017-04-26T13:02:17","guid":{"rendered":"http:\/\/agora.xtec.cat\/ieselsplanells\/?p=2459"},"modified":"2017-09-08T13:06:01","modified_gmt":"2017-09-08T11:06:01","slug":"jornada-de-convivencia-egueiro-els-planells","status":"publish","type":"post","link":"https:\/\/agora.xtec.cat\/ieselsplanells\/portada\/jornada-de-convivencia-egueiro-els-planells\/","title":{"rendered":"Jornada de conviv\u00e8ncia Egueiro &#8211; Els Planells"},"content":{"rendered":"<p>Dimarts, 25 d&#8217;abril, va tenir lloc la jornada de conviv\u00e8ncia entre usuaris i ex-usuaris de l&#8217;Associaci\u00f3 Egueiro i l&#8217;alumnat de 4t d&#8217;ESO del nostre institut. Aquesta activitat est\u00e0 emmarcada en el projecte de col\u00b7laboraci\u00f3 que ambdues institucions van teixir a partir de la participaci\u00f3 de l&#8217;equip Lego DOGtor&#8217;s en l&#8217;edici\u00f3 d&#8217;enguany de la First Lego League.<\/p>\n<p>En un\u00a0 article anterior us explic\u00e0vem qui \u00e9s l&#8217;Associaci\u00f3 Egueiro i quin \u00e9s el projecte conjunt que compartim amb el centre de Torreblanca. (Podeu veure&#8217;l en aquest <a href=\"https:\/\/agora.xtec.cat\/ieselsplanells\/general\/lassociacio-egueiro\/\" target=\"_blank\">enlla\u00e7<span style=\"color: #000000;\">)<\/span><\/a><\/p>\n<p>L&#8217;activitat va comen\u00e7ar amb una breu trobada de tots els participants en la Sala Polivalent de l&#8217;Institut, en qu\u00e8 els representants de l&#8217;Associaci\u00f3 Egueiro ens van lliurar una escultura commemorativa del projecte i que simbolitza el treball en equip. <a href=\"http:\/\/agora.xtec.cat\/ieselsplanells\/wp-content\/uploads\/usu1160\/2017\/04\/34124516412_a4f9ec85c6_k.jpg\"><img loading=\"lazy\" decoding=\"async\" class=\"aligncenter wp-image-2471\" src=\"http:\/\/agora.xtec.cat\/ieselsplanells\/wp-content\/uploads\/usu1160\/2017\/04\/34124516412_a4f9ec85c6_k-768x1024.jpg\" alt=\"34124516412_a4f9ec85c6_k\" width=\"264\" height=\"352\" srcset=\"https:\/\/agora.xtec.cat\/ieselsplanells\/wp-content\/uploads\/usu1160\/2017\/04\/34124516412_a4f9ec85c6_k-768x1024.jpg 768w, https:\/\/agora.xtec.cat\/ieselsplanells\/wp-content\/uploads\/usu1160\/2017\/04\/34124516412_a4f9ec85c6_k-225x300.jpg 225w, https:\/\/agora.xtec.cat\/ieselsplanells\/wp-content\/uploads\/usu1160\/2017\/04\/34124516412_a4f9ec85c6_k.jpg 1536w\" sizes=\"auto, (max-width: 264px) 100vw, 264px\" \/><\/a> Tot seguit, l&#8217;atenci\u00f3 es va centrar en els cotxes d&#8217;\u00e8poca que els membres de l&#8217;Associaci\u00f3 Egueiro van portar des del centre que tenen a Valls, on s\u00f3n els propis usuaris els qui participen en la rehabilitaci\u00f3 d&#8217;aquests cl\u00e0ssics. Els nois i noies de 4t ESO van poder admirar els vehicles i pujar-hi. Va ser una activitat que va servir per crear l&#8217;ambient de distensi\u00f3 necessari per a establir el clima de coneixen\u00e7a i confian\u00e7a que va afavorir el bon desenvolupament dels tallers que es van dur a terme a continuaci\u00f3.<\/p>\n<p>Els tallers van esdevenir l&#8217;activitat central d&#8217;aquesta jornada de conviv\u00e8ncia. En cada un d&#8217;ells hi van treballar conjuntament un membre de l&#8217;Associaci\u00f3 Egueiro i un grup redu\u00eft de cinc o sis alumnes de 4t ESO. El taller es va estructurar al voltant d&#8217;una conversa franca iniciada amb el relat de la pr\u00f2pia experi\u00e8ncia personal de l&#8217;usuari d&#8217;Egueiro i va continuar amb l&#8217;establiment d&#8217;un espai de di\u00e0leg en qu\u00e8 es van poder manifestar inquietuds, dubtes, impressions i opinions. Les diverses converses simult\u00e0nies que es van mantenir van convertir-se en una eina potent de sensibilitzaci\u00f3 i prevenci\u00f3 de drogodepend\u00e8ncies.<\/p>\n<p>Per finalitzar la jornada es va fer una caminada fins a la col\u00f2nia del Pont d&#8217;Alentorn, on tots els participants van dinar i poder trobar els darrers moments per compartir plegats.<\/p>\n<p>En acabar l&#8217;activitat, els responsables de l&#8217;Associaci\u00f3 Egueiro i els responsables d&#8217;aquest projecte a l&#8217;Institut van trobar-se per fer una valoraci\u00f3 d&#8217;aquesta primera experi\u00e8ncia de col\u00b7laboraci\u00f3. Es va tancar aquesta jornada amb la ferma voluntat de continuar aprofundint en aquest projecte, i ja pensant en la propera edici\u00f3 de treball.<\/p>\n<p>Podeu veure les fotos de la jornada en el seg\u00fcent <a href=\"https:\/\/flic.kr\/s\/aHskYAjAMX\" target=\"_blank\">enlla\u00e7<span style=\"color: #000000;\">.<\/span><\/a><\/p>\n<p>&nbsp;<\/p>\n<p>&nbsp;<\/p>\n","protected":false},"excerpt":{"rendered":"<p>Dimarts, 25 d&#8217;abril, va tenir lloc la jornada de conviv\u00e8ncia entre usuaris i ex-usuaris de l&#8217;Associaci\u00f3 Egueiro i l&#8217;alumnat de 4t d&#8217;ESO del nostre institut.&hellip;  <a href=\"https:\/\/agora.xtec.cat\/ieselsplanells\/portada\/jornada-de-convivencia-egueiro-els-planells\/\" title=\"Read Jornada de conviv\u00e8ncia Egueiro &#8211; Els Planells\">Llegeix m\u00e9s\u00bb<\/a><\/p>\n","protected":false},"author":3,"featured_media":2476,"comment_status":"open","ping_status":"open","sticky":false,"template":"","format":"standard","meta":{"_bbp_topic_count":0,"_bbp_reply_count":0,"_bbp_total_topic_count":0,"_bbp_total_reply_count":0,"_bbp_voice_count":0,"_bbp_anonymous_reply_count":0,"_bbp_topic_count_hidden":0,"_bbp_reply_count_hidden":0,"_bbp_forum_subforum_count":0,"footnotes":""},"categories":[330,29],"tags":[194,314,123,281,315],"class_list":["post-2459","post","type-post","status-publish","format-standard","has-post-thumbnail","hentry","category-curs1617","category-portada","tag-2016-2017","tag-associacio-egueiro","tag-fll","tag-legodogtors","tag-prevencio-de-drogodependencies"],"post_mailing_queue_ids":[],"_links":{"self":[{"href":"https:\/\/agora.xtec.cat\/ieselsplanells\/wp-json\/wp\/v2\/posts\/2459","targetHints":{"allow":["GET"]}}],"collection":[{"href":"https:\/\/agora.xtec.cat\/ieselsplanells\/wp-json\/wp\/v2\/posts"}],"about":[{"href":"https:\/\/agora.xtec.cat\/ieselsplanells\/wp-json\/wp\/v2\/types\/post"}],"author":[{"embeddable":true,"href":"https:\/\/agora.xtec.cat\/ieselsplanells\/wp-json\/wp\/v2\/users\/3"}],"replies":[{"embeddable":true,"href":"https:\/\/agora.xtec.cat\/ieselsplanells\/wp-json\/wp\/v2\/comments?post=2459"}],"version-history":[{"count":3,"href":"https:\/\/agora.xtec.cat\/ieselsplanells\/wp-json\/wp\/v2\/posts\/2459\/revisions"}],"predecessor-version":[{"id":2475,"href":"https:\/\/agora.xtec.cat\/ieselsplanells\/wp-json\/wp\/v2\/posts\/2459\/revisions\/2475"}],"wp:featuredmedia":[{"embeddable":true,"href":"https:\/\/agora.xtec.cat\/ieselsplanells\/wp-json\/wp\/v2\/media\/2476"}],"wp:attachment":[{"href":"https:\/\/agora.xtec.cat\/ieselsplanells\/wp-json\/wp\/v2\/media?parent=2459"}],"wp:term":[{"taxonomy":"category","embeddable":true,"href":"https:\/\/agora.xtec.cat\/ieselsplanells\/wp-json\/wp\/v2\/categories?post=2459"},{"taxonomy":"post_tag","embeddable":true,"href":"https:\/\/agora.xtec.cat\/ieselsplanells\/wp-json\/wp\/v2\/tags?post=2459"}],"curies":[{"name":"wp","href":"https:\/\/api.w.org\/{rel}","templated":true}]}}