{"id":2267,"date":"2017-03-31T11:24:08","date_gmt":"2017-03-31T09:24:08","guid":{"rendered":"http:\/\/agora.xtec.cat\/ieselsplanells\/?p=2267"},"modified":"2017-09-08T13:13:42","modified_gmt":"2017-09-08T11:13:42","slug":"visitem-lajuntament-de-la-nostra-poblacio","status":"publish","type":"post","link":"https:\/\/agora.xtec.cat\/ieselsplanells\/portada\/visitem-lajuntament-de-la-nostra-poblacio\/","title":{"rendered":"Visitem l\u2019Ajuntament de la nostra poblaci\u00f3"},"content":{"rendered":"<p style=\"text-align: justify;\"><strong>El Departament de Socials, vam anar, el passat dia 21de mar\u00e7, a visitar l\u2019Ajuntament d\u2019Artesa de Segre, amb els alumnes de 3r d\u2019ESO<\/strong><\/p>\n<p style=\"text-align: justify;\">Aquest curs, dins els estudis sobre l\u2019organitzaci\u00f3 pol\u00edtica de les societats, els alumnes han visitat, el passat dia 21 de mar\u00e7, el nostre Ajuntament, on ens va rebre i ens va acompanyar Il\u00b7lm. Sr. Alcalde Dom\u00e8nec Saban\u00e9s (m\u00e9s conegut com el <em>Mingo<\/em>).<\/p>\n<p style=\"text-align: justify;\">Primer ens vam dirigir a l\u2019interior de la Sala de Plens, on\u00a0 en <em>Mingo<\/em> ens va explicar com funciona i es regeix el consistori, amb tots els seus nuclis agregats.<\/p>\n<p style=\"text-align: justify;\">El alumnes li van fer entrega de tres cartes (una per cada grup de 3r), per tal de plantejar-li els principals problemes, que segons ells, afecten al municipi, juntament amb algunes possibles solucions. El Sr. Alcalde va poder donar resposta als joves, en cada una de les q\u00fcestions que es van plantejar, de forma participativa.<\/p>\n<p style=\"text-align: justify;\">Despr\u00e9s, vam continuar la visita envaint, de forma literal, les diferents depend\u00e8ncies municipals.<\/p>\n<p style=\"text-align: justify;\">En acabar, els alumnes van rebre, tots ells, un petit obsequi, en record de la visita.<\/p>\n<p style=\"text-align: justify;\">La principal motivaci\u00f3 d\u2019aquesta visita ha estat la d\u2019apropar els joves a l\u2019ajuntament del seu poble, per a que puguin agafar consci\u00e8ncia d\u2019alguns aspectes que a vegades, de tant propers, es descuiden, i fins i tot, se\u2019ns passen per alt.<\/p>\n<p style=\"text-align: justify;\">Perqu\u00e8 les coses m\u00e9s petites, si les cuidem, en el temps seran les m\u00e9s grans, i per aconseguir-ho tots hi hem de col\u00b7laborar,\u00a0 aportant el qu\u00e8 puguem, per tal de respectar i cuidar el nostre entorn m\u00e9s proper.<\/p>\n<p style=\"text-align: justify;\">Gr\u00e0cies, <em>Mingo<\/em>, per la teva atenci\u00f3 i inter\u00e8s en rebre\u2019ns, ens hem endut tots un agradable record!<\/p>\n<p>&nbsp;<\/p>\n","protected":false},"excerpt":{"rendered":"<p>Visita a l&#8217;ajuntament d&#8217;Artesa de Segre&hellip;  <a href=\"https:\/\/agora.xtec.cat\/ieselsplanells\/portada\/visitem-lajuntament-de-la-nostra-poblacio\/\" title=\"Read Visitem l\u2019Ajuntament de la nostra poblaci\u00f3\">Llegeix m\u00e9s\u00bb<\/a><\/p>\n","protected":false},"author":96,"featured_media":2269,"comment_status":"open","ping_status":"open","sticky":false,"template":"","format":"standard","meta":{"_bbp_topic_count":0,"_bbp_reply_count":0,"_bbp_total_topic_count":0,"_bbp_total_reply_count":0,"_bbp_voice_count":0,"_bbp_anonymous_reply_count":0,"_bbp_topic_count_hidden":0,"_bbp_reply_count_hidden":0,"_bbp_forum_subforum_count":0,"footnotes":""},"categories":[330,29],"tags":[],"class_list":["post-2267","post","type-post","status-publish","format-standard","has-post-thumbnail","hentry","category-curs1617","category-portada"],"post_mailing_queue_ids":[],"_links":{"self":[{"href":"https:\/\/agora.xtec.cat\/ieselsplanells\/wp-json\/wp\/v2\/posts\/2267","targetHints":{"allow":["GET"]}}],"collection":[{"href":"https:\/\/agora.xtec.cat\/ieselsplanells\/wp-json\/wp\/v2\/posts"}],"about":[{"href":"https:\/\/agora.xtec.cat\/ieselsplanells\/wp-json\/wp\/v2\/types\/post"}],"author":[{"embeddable":true,"href":"https:\/\/agora.xtec.cat\/ieselsplanells\/wp-json\/wp\/v2\/users\/96"}],"replies":[{"embeddable":true,"href":"https:\/\/agora.xtec.cat\/ieselsplanells\/wp-json\/wp\/v2\/comments?post=2267"}],"version-history":[{"count":3,"href":"https:\/\/agora.xtec.cat\/ieselsplanells\/wp-json\/wp\/v2\/posts\/2267\/revisions"}],"predecessor-version":[{"id":2272,"href":"https:\/\/agora.xtec.cat\/ieselsplanells\/wp-json\/wp\/v2\/posts\/2267\/revisions\/2272"}],"wp:featuredmedia":[{"embeddable":true,"href":"https:\/\/agora.xtec.cat\/ieselsplanells\/wp-json\/wp\/v2\/media\/2269"}],"wp:attachment":[{"href":"https:\/\/agora.xtec.cat\/ieselsplanells\/wp-json\/wp\/v2\/media?parent=2267"}],"wp:term":[{"taxonomy":"category","embeddable":true,"href":"https:\/\/agora.xtec.cat\/ieselsplanells\/wp-json\/wp\/v2\/categories?post=2267"},{"taxonomy":"post_tag","embeddable":true,"href":"https:\/\/agora.xtec.cat\/ieselsplanells\/wp-json\/wp\/v2\/tags?post=2267"}],"curies":[{"name":"wp","href":"https:\/\/api.w.org\/{rel}","templated":true}]}}