{"id":2097,"date":"2017-03-03T11:30:39","date_gmt":"2017-03-03T10:30:39","guid":{"rendered":"http:\/\/agora.xtec.cat\/ieselsplanells\/?p=2097"},"modified":"2017-09-08T13:17:51","modified_gmt":"2017-09-08T11:17:51","slug":"projecte-final-fll-animeu-vos-a-participar-hi","status":"publish","type":"post","link":"https:\/\/agora.xtec.cat\/ieselsplanells\/portada\/projecte-final-fll-animeu-vos-a-participar-hi\/","title":{"rendered":"Projecte final FLL: animeu-vos a participar-hi!"},"content":{"rendered":"<p style=\"text-align: justify;\">Volem fer-vos part\u00edcips de l\u2019\u00faltim projecte que engeguem al voltant de l\u2019activitat de la First Lego League com a tancament i valoraci\u00f3. Ens agradaria elaborar un v\u00eddeo-c\u00e0psula audiovisual que contingui l\u2019explicaci\u00f3 i reflexi\u00f3 del que ha significat per a tots nosaltres l\u2019experi\u00e8ncia viscuda.<\/p>\n<p style=\"text-align: justify;\">Ens interessaria con\u00e8ixer l\u2019opini\u00f3 dels diferents sectors de la comunitat educativa: alumnes FLL d\u2019aquest any i d\u2019anteriors, mares i pares, tutors legals, professorat, entrenadors i p\u00fablic en general. Amb aix\u00f2 en ment, hem pensat en un parell de maneres de recollir la vostra opini\u00f3:<\/p>\n<ul style=\"text-align: justify;\">\n<li>A trav\u00e9s d\u2019un v\u00eddeo breu en el que expliqueu qu\u00e8 significa\/ha significat per a vosaltres l\u2019experi\u00e8ncia<\/li>\n<li>Per mitj\u00e0 d\u2019una fotografia en la que mostreu en un full, per exemple, la paraula o expressi\u00f3 que per a vosaltres sintetitza millor l\u2019activitat.<\/li>\n<\/ul>\n<p style=\"text-align: justify;\">La data l\u00edmit d\u2019entrega del material per a la posterior edici\u00f3 i muntatge \u00e9s el <strong>divendres 10 de mar\u00e7<\/strong>. Us pregar\u00edem que ens f\u00e9ssiu arribar les gravacions\/imatges a les seg\u00fcents adreces:<\/p>\n<ul style=\"text-align: justify;\">\n<li>elsplanellsinstitut@gmail.com<\/li>\n<li>laurainglavaga10@gmail.com<\/li>\n<\/ul>\n<p style=\"text-align: justify;\">Esperem amb molt inter\u00e8s les vostres aportacions i us agra\u00efm per avan\u00e7at la vostra col\u00b7laboraci\u00f3.<\/p>\n<p style=\"text-align: justify;\">Equip FLL<\/p>\n","protected":false},"excerpt":{"rendered":"<p>Projecte FLL&hellip;  <a href=\"https:\/\/agora.xtec.cat\/ieselsplanells\/portada\/projecte-final-fll-animeu-vos-a-participar-hi\/\" title=\"Read Projecte final FLL: animeu-vos a participar-hi!\">Llegeix m\u00e9s\u00bb<\/a><\/p>\n","protected":false},"author":4,"featured_media":2098,"comment_status":"open","ping_status":"open","sticky":false,"template":"","format":"standard","meta":{"_bbp_topic_count":0,"_bbp_reply_count":0,"_bbp_total_topic_count":0,"_bbp_total_reply_count":0,"_bbp_voice_count":0,"_bbp_anonymous_reply_count":0,"_bbp_topic_count_hidden":0,"_bbp_reply_count_hidden":0,"_bbp_forum_subforum_count":0,"footnotes":""},"categories":[330,29],"tags":[123,293],"class_list":["post-2097","post","type-post","status-publish","format-standard","has-post-thumbnail","hentry","category-curs1617","category-portada","tag-fll","tag-projectes"],"post_mailing_queue_ids":[],"_links":{"self":[{"href":"https:\/\/agora.xtec.cat\/ieselsplanells\/wp-json\/wp\/v2\/posts\/2097","targetHints":{"allow":["GET"]}}],"collection":[{"href":"https:\/\/agora.xtec.cat\/ieselsplanells\/wp-json\/wp\/v2\/posts"}],"about":[{"href":"https:\/\/agora.xtec.cat\/ieselsplanells\/wp-json\/wp\/v2\/types\/post"}],"author":[{"embeddable":true,"href":"https:\/\/agora.xtec.cat\/ieselsplanells\/wp-json\/wp\/v2\/users\/4"}],"replies":[{"embeddable":true,"href":"https:\/\/agora.xtec.cat\/ieselsplanells\/wp-json\/wp\/v2\/comments?post=2097"}],"version-history":[{"count":1,"href":"https:\/\/agora.xtec.cat\/ieselsplanells\/wp-json\/wp\/v2\/posts\/2097\/revisions"}],"predecessor-version":[{"id":2099,"href":"https:\/\/agora.xtec.cat\/ieselsplanells\/wp-json\/wp\/v2\/posts\/2097\/revisions\/2099"}],"wp:featuredmedia":[{"embeddable":true,"href":"https:\/\/agora.xtec.cat\/ieselsplanells\/wp-json\/wp\/v2\/media\/2098"}],"wp:attachment":[{"href":"https:\/\/agora.xtec.cat\/ieselsplanells\/wp-json\/wp\/v2\/media?parent=2097"}],"wp:term":[{"taxonomy":"category","embeddable":true,"href":"https:\/\/agora.xtec.cat\/ieselsplanells\/wp-json\/wp\/v2\/categories?post=2097"},{"taxonomy":"post_tag","embeddable":true,"href":"https:\/\/agora.xtec.cat\/ieselsplanells\/wp-json\/wp\/v2\/tags?post=2097"}],"curies":[{"name":"wp","href":"https:\/\/api.w.org\/{rel}","templated":true}]}}