{"id":1968,"date":"2017-02-12T17:57:20","date_gmt":"2017-02-12T16:57:20","guid":{"rendered":"http:\/\/agora.xtec.cat\/ieselsplanells\/?p=1968"},"modified":"2017-09-08T13:22:21","modified_gmt":"2017-09-08T11:22:21","slug":"participacio-al-vi-concurs-de-cultura-classica-odissea","status":"publish","type":"post","link":"https:\/\/agora.xtec.cat\/ieselsplanells\/general\/participacio-al-vi-concurs-de-cultura-classica-odissea\/","title":{"rendered":"Participaci\u00f3 al VI Concurs de Cultura Cl\u00e0ssica Odissea"},"content":{"rendered":"<p style=\"text-align: justify;\">Durant aquesta setmana les alumnes de Llat\u00ed de 2n de Batxillerat han participat al VI Concurs de Cultura Cl\u00e0ssica Odissea, certamen on s&#8217;avaluen, de manera virtual, coneixements sobre un tema concret de Gr\u00e8cia i Roma antigues. Enguany el tema era &#8220;La Pol\u00edtica a Gr\u00e8cia i Roma&#8221; i hi han participat 400 centres de tot Catalunya. Els guanyadors participaran a la segona fase, que ser\u00e0 a nivell estatal.<br \/>\nEn aquesta ocasi\u00f3, les alumnes, amb el nom d&#8217;Amicae Romanae, han participat durant els dies 6, 7, 8 i 9 de febrer a la primera fase. Els tres primers dies han hagut de respondre tres preguntes cada dia i el dijous, 10 preguntes-pista i la s\u00faperpregunta. D&#8217;un total de 20 q\u00fcestions, n&#8217;han respost correctament 16 i han obtingut 56 punts dels 75 possibles.<br \/>\nTot i que aquesta puntuaci\u00f3 no d\u00f3na acc\u00e8s a la fase estatal, els resultats obtinguts han estat molt satisfactoris.<br \/>\nCongratulamur, Amicae Romanae!<\/p>\n<p style=\"text-align: justify;\"><a href=\"http:\/\/agora.xtec.cat\/ieselsplanells\/wp-content\/uploads\/usu1160\/2017\/02\/odissea2017-410.jpg\"><img loading=\"lazy\" decoding=\"async\" class=\"size-full wp-image-1969 aligncenter\" src=\"http:\/\/agora.xtec.cat\/ieselsplanells\/wp-content\/uploads\/usu1160\/2017\/02\/odissea2017-410.jpg\" alt=\"odissea2017-410\" width=\"410\" height=\"275\" srcset=\"https:\/\/agora.xtec.cat\/ieselsplanells\/wp-content\/uploads\/usu1160\/2017\/02\/odissea2017-410.jpg 410w, https:\/\/agora.xtec.cat\/ieselsplanells\/wp-content\/uploads\/usu1160\/2017\/02\/odissea2017-410-300x201.jpg 300w\" sizes=\"auto, (max-width: 410px) 100vw, 410px\" \/><\/a><\/p>\n","protected":false},"excerpt":{"rendered":"<p>Durant aquesta setmana les alumnes de Llat\u00ed de 2n de Batxillerat han participat al VI Concurs de Cultura Cl\u00e0ssica Odissea&hellip;  <a href=\"https:\/\/agora.xtec.cat\/ieselsplanells\/general\/participacio-al-vi-concurs-de-cultura-classica-odissea\/\" title=\"Read Participaci\u00f3 al VI Concurs de Cultura Cl\u00e0ssica Odissea\">Llegeix m\u00e9s\u00bb<\/a><\/p>\n","protected":false},"author":4,"featured_media":1969,"comment_status":"open","ping_status":"open","sticky":false,"template":"","format":"standard","meta":{"_bbp_topic_count":0,"_bbp_reply_count":0,"_bbp_total_topic_count":0,"_bbp_total_reply_count":0,"_bbp_voice_count":0,"_bbp_anonymous_reply_count":0,"_bbp_topic_count_hidden":0,"_bbp_reply_count_hidden":0,"_bbp_forum_subforum_count":0,"footnotes":""},"categories":[330,1,29],"tags":[118,273,274],"class_list":["post-1968","post","type-post","status-publish","format-standard","has-post-thumbnail","hentry","category-curs1617","category-general","category-portada","tag-concurs","tag-llati","tag-odissea"],"post_mailing_queue_ids":[],"_links":{"self":[{"href":"https:\/\/agora.xtec.cat\/ieselsplanells\/wp-json\/wp\/v2\/posts\/1968","targetHints":{"allow":["GET"]}}],"collection":[{"href":"https:\/\/agora.xtec.cat\/ieselsplanells\/wp-json\/wp\/v2\/posts"}],"about":[{"href":"https:\/\/agora.xtec.cat\/ieselsplanells\/wp-json\/wp\/v2\/types\/post"}],"author":[{"embeddable":true,"href":"https:\/\/agora.xtec.cat\/ieselsplanells\/wp-json\/wp\/v2\/users\/4"}],"replies":[{"embeddable":true,"href":"https:\/\/agora.xtec.cat\/ieselsplanells\/wp-json\/wp\/v2\/comments?post=1968"}],"version-history":[{"count":2,"href":"https:\/\/agora.xtec.cat\/ieselsplanells\/wp-json\/wp\/v2\/posts\/1968\/revisions"}],"predecessor-version":[{"id":1971,"href":"https:\/\/agora.xtec.cat\/ieselsplanells\/wp-json\/wp\/v2\/posts\/1968\/revisions\/1971"}],"wp:featuredmedia":[{"embeddable":true,"href":"https:\/\/agora.xtec.cat\/ieselsplanells\/wp-json\/wp\/v2\/media\/1969"}],"wp:attachment":[{"href":"https:\/\/agora.xtec.cat\/ieselsplanells\/wp-json\/wp\/v2\/media?parent=1968"}],"wp:term":[{"taxonomy":"category","embeddable":true,"href":"https:\/\/agora.xtec.cat\/ieselsplanells\/wp-json\/wp\/v2\/categories?post=1968"},{"taxonomy":"post_tag","embeddable":true,"href":"https:\/\/agora.xtec.cat\/ieselsplanells\/wp-json\/wp\/v2\/tags?post=1968"}],"curies":[{"name":"wp","href":"https:\/\/api.w.org\/{rel}","templated":true}]}}