{"id":1953,"date":"2017-02-09T18:25:42","date_gmt":"2017-02-09T17:25:42","guid":{"rendered":"http:\/\/agora.xtec.cat\/ieselsplanells\/?p=1953"},"modified":"2017-10-30T15:02:19","modified_gmt":"2017-10-30T14:02:19","slug":"lins-els-planells-torna-a-participar-al-concurs-dangles-the-fonix","status":"publish","type":"post","link":"https:\/\/agora.xtec.cat\/ieselsplanells\/portada\/lins-els-planells-torna-a-participar-al-concurs-dangles-the-fonix\/","title":{"rendered":"L&#8217;INS Els Planells torna a participar al concurs d&#8217;angl\u00e8s The Fonix"},"content":{"rendered":"<p><a href=\"http:\/\/agora.xtec.cat\/ieselsplanells\/wp-content\/uploads\/usu1160\/2017\/02\/IMG_20170209_121655.jpg\"><img loading=\"lazy\" decoding=\"async\" class=\"alignnone size-large wp-image-1956\" src=\"http:\/\/agora.xtec.cat\/ieselsplanells\/wp-content\/uploads\/usu1160\/2017\/02\/IMG_20170209_121655-1024x673.jpg\" alt=\"img_20170209_121655\" width=\"1024\" height=\"673\" srcset=\"https:\/\/agora.xtec.cat\/ieselsplanells\/wp-content\/uploads\/usu1160\/2017\/02\/IMG_20170209_121655-1024x673.jpg 1024w, https:\/\/agora.xtec.cat\/ieselsplanells\/wp-content\/uploads\/usu1160\/2017\/02\/IMG_20170209_121655-300x197.jpg 300w, https:\/\/agora.xtec.cat\/ieselsplanells\/wp-content\/uploads\/usu1160\/2017\/02\/IMG_20170209_121655-768x504.jpg 768w\" sizes=\"auto, (max-width: 1024px) 100vw, 1024px\" \/><\/a><\/p>\n<p>Un any m\u00e9s els alumnes de l&#8217;Institut els Planells participen en el concurs d&#8217;angl\u00e8s The Fonix. Felicitem a tots els candidats que s&#8217;han presentat a la Fase Local pels bons resultat i especialment a les guanyadores que han estat la Laia Ros (1r ESO), la Teresa Velasco (2n ESO), la N\u00faria Mart\u00ed (3r ESO), la Mikaela Milenova (4t ESO) i la Montse Espa\u00f1ol (1r Batxillerat).<\/p>\n<p>El dia 25 de febrer aquestes alumnes competiran amb els guanyadors de tots els centres de la prov\u00edncia a la Fase Territorial que tindr\u00e0 lloc a Lleida.<\/p>\n<p>Desitgem molta sort a totes les participants i esperem que gaudeixin de l&#8217;experi\u00e8ncia.<\/p>\n<h4><strong>BREAK A LEG!<\/strong><\/h4>\n","protected":false},"excerpt":{"rendered":"<p>Concurs Fonix&hellip;  <a href=\"https:\/\/agora.xtec.cat\/ieselsplanells\/portada\/lins-els-planells-torna-a-participar-al-concurs-dangles-the-fonix\/\" title=\"Read L&#8217;INS Els Planells torna a participar al concurs d&#8217;angl\u00e8s The Fonix\">Llegeix m\u00e9s\u00bb<\/a><\/p>\n","protected":false},"author":10,"featured_media":1956,"comment_status":"open","ping_status":"closed","sticky":false,"template":"","format":"standard","meta":{"_bbp_topic_count":0,"_bbp_reply_count":0,"_bbp_total_topic_count":0,"_bbp_total_reply_count":0,"_bbp_voice_count":0,"_bbp_anonymous_reply_count":0,"_bbp_topic_count_hidden":0,"_bbp_reply_count_hidden":0,"_bbp_forum_subforum_count":0,"footnotes":""},"categories":[330,29],"tags":[],"class_list":["post-1953","post","type-post","status-publish","format-standard","has-post-thumbnail","hentry","category-curs1617","category-portada"],"post_mailing_queue_ids":[],"_links":{"self":[{"href":"https:\/\/agora.xtec.cat\/ieselsplanells\/wp-json\/wp\/v2\/posts\/1953","targetHints":{"allow":["GET"]}}],"collection":[{"href":"https:\/\/agora.xtec.cat\/ieselsplanells\/wp-json\/wp\/v2\/posts"}],"about":[{"href":"https:\/\/agora.xtec.cat\/ieselsplanells\/wp-json\/wp\/v2\/types\/post"}],"author":[{"embeddable":true,"href":"https:\/\/agora.xtec.cat\/ieselsplanells\/wp-json\/wp\/v2\/users\/10"}],"replies":[{"embeddable":true,"href":"https:\/\/agora.xtec.cat\/ieselsplanells\/wp-json\/wp\/v2\/comments?post=1953"}],"version-history":[{"count":3,"href":"https:\/\/agora.xtec.cat\/ieselsplanells\/wp-json\/wp\/v2\/posts\/1953\/revisions"}],"predecessor-version":[{"id":1997,"href":"https:\/\/agora.xtec.cat\/ieselsplanells\/wp-json\/wp\/v2\/posts\/1953\/revisions\/1997"}],"wp:featuredmedia":[{"embeddable":true,"href":"https:\/\/agora.xtec.cat\/ieselsplanells\/wp-json\/wp\/v2\/media\/1956"}],"wp:attachment":[{"href":"https:\/\/agora.xtec.cat\/ieselsplanells\/wp-json\/wp\/v2\/media?parent=1953"}],"wp:term":[{"taxonomy":"category","embeddable":true,"href":"https:\/\/agora.xtec.cat\/ieselsplanells\/wp-json\/wp\/v2\/categories?post=1953"},{"taxonomy":"post_tag","embeddable":true,"href":"https:\/\/agora.xtec.cat\/ieselsplanells\/wp-json\/wp\/v2\/tags?post=1953"}],"curies":[{"name":"wp","href":"https:\/\/api.w.org\/{rel}","templated":true}]}}