{"id":1878,"date":"2017-01-19T10:58:41","date_gmt":"2017-01-19T09:58:41","guid":{"rendered":"http:\/\/agora.xtec.cat\/ieselsplanells\/?p=1878"},"modified":"2017-09-08T12:46:23","modified_gmt":"2017-09-08T10:46:23","slug":"english-day-i-jornada-solidaria-per-a-la-marato","status":"publish","type":"post","link":"https:\/\/agora.xtec.cat\/ieselsplanells\/general\/english-day-i-jornada-solidaria-per-a-la-marato\/","title":{"rendered":"English day &#038; jornada solid\u00e0ria"},"content":{"rendered":"<p style=\"text-align: justify;\">El passat 7 de desembre el centre va mostrar el seu rostre m\u00e9s solidari amb un seguit d&#8217;activitats destinades a recaptar fons per a La Marat\u00f3, i al mateix temps, conscienciar sobre les lesions medul\u00b7lars i l&#8217;ictus. Tamb\u00e9 vam aprofitar per celebrar l&#8217;English Day.<\/p>\n<p style=\"text-align: justify;\">La jornada va comen\u00e7ar amb la visualitzaci\u00f3 del manifest que havien preparat les alumnes de 2n d&#8217;ESO. Despr\u00e9s, els de 1r i 2n van poder veure el musical que van escriure i representar les alumnes de 1r d&#8217;ESO. Aprofitem per felicitar-les, van fer una feina magn\u00edfica!<\/p>\n<p style=\"text-align: justify;\">Tot seguit, la Barbara Latham i el Josep Suller ens van fer practicar l&#8217;angl\u00e8s des d&#8217;una vessant l\u00fadica i art\u00edstica amb el <a href=\"http:\/\/www.singalongproject.com\/\" target=\"_blank\">Sing Along Project<\/a>. Es tracta d&#8217;un karaoke en angl\u00e8s en el que els estudiants (que han triat i practicat pr\u00e8viament les diferents can\u00e7ons) demostren i fiquen en pr\u00e0ctica les seves habilitats de comprensi\u00f3 i expressi\u00f3 en angl\u00e8s. En definitiva, una manera molt divertida d&#8217;aprendre una altra llengua. Us deixem un recull de v\u00eddeos i imatges que donen fe de tot el que vam gaudir.<\/p>\n<p style=\"text-align: justify;\">A continuaci\u00f3, vam reposar forces amb un vermut solidari. L&#8217;alumnat de 2n d&#8217;ESO va ser l&#8217;encarregat de recaptar els aliments i recollir els 2\u20ac de participaci\u00f3 volunt\u00e0ria. Al mateix temps, vam poder observar els murals fets a l&#8217;assignatura de Visual i Pl\u00e0stica per a La Marat\u00f3 d&#8217;aquest any.<\/p>\n<p style=\"text-align: justify;\">Per acabar el dia, vam fer una &#8220;flashmob&#8221; al pati, amb la can\u00e7\u00f3 de Justin Timberlake, <em>Can&#8217;t stop the feeling<\/em>. Les alumnes de 2n d&#8217;ESO, amb l&#8217;ajuda de la S\u00f2nia Lunar, van preparar un tutorial per a qu\u00e8 pogu\u00e9ssim practicar els passos i van ser les encarregades de guiar-nos en l&#8217;actuaci\u00f3. Va ser un final de festa genial per a una complet\u00edssima diada.<\/p>\n<p style=\"text-align: justify;\"><a href=\"https:\/\/www.flickr.com\/photos\/139314423@N05\/albums\/72157679233760536\" target=\"_blank\">Recull de fotografies<\/a><\/p>\n<p style=\"text-align: justify;\"><a href=\"https:\/\/drive.google.com\/open?id=0B8z0UpQcPhl3VWVSRGd0NXkzeTg\" target=\"_blank\">Recull de v\u00eddeos<\/a><\/p>\n","protected":false},"excerpt":{"rendered":"<p>Activitats de la jornada solid\u00e0ria per a la Marat\u00f3 i l&#8217;English day&hellip;  <a href=\"https:\/\/agora.xtec.cat\/ieselsplanells\/general\/english-day-i-jornada-solidaria-per-a-la-marato\/\" title=\"Read English day &#038; jornada solid\u00e0ria\">Llegeix m\u00e9s\u00bb<\/a><\/p>\n","protected":false},"author":1,"featured_media":1898,"comment_status":"open","ping_status":"open","sticky":false,"template":"","format":"standard","meta":{"_bbp_topic_count":0,"_bbp_reply_count":0,"_bbp_total_topic_count":0,"_bbp_total_reply_count":0,"_bbp_voice_count":0,"_bbp_anonymous_reply_count":0,"_bbp_topic_count_hidden":0,"_bbp_reply_count_hidden":0,"_bbp_forum_subforum_count":0,"footnotes":""},"categories":[330,1,29],"tags":[62,264,265],"class_list":["post-1878","post","type-post","status-publish","format-standard","has-post-thumbnail","hentry","category-curs1617","category-general","category-portada","tag-actes","tag-flashmob","tag-la-marato"],"post_mailing_queue_ids":[],"_links":{"self":[{"href":"https:\/\/agora.xtec.cat\/ieselsplanells\/wp-json\/wp\/v2\/posts\/1878","targetHints":{"allow":["GET"]}}],"collection":[{"href":"https:\/\/agora.xtec.cat\/ieselsplanells\/wp-json\/wp\/v2\/posts"}],"about":[{"href":"https:\/\/agora.xtec.cat\/ieselsplanells\/wp-json\/wp\/v2\/types\/post"}],"author":[{"embeddable":true,"href":"https:\/\/agora.xtec.cat\/ieselsplanells\/wp-json\/wp\/v2\/users\/1"}],"replies":[{"embeddable":true,"href":"https:\/\/agora.xtec.cat\/ieselsplanells\/wp-json\/wp\/v2\/comments?post=1878"}],"version-history":[{"count":3,"href":"https:\/\/agora.xtec.cat\/ieselsplanells\/wp-json\/wp\/v2\/posts\/1878\/revisions"}],"predecessor-version":[{"id":1901,"href":"https:\/\/agora.xtec.cat\/ieselsplanells\/wp-json\/wp\/v2\/posts\/1878\/revisions\/1901"}],"wp:featuredmedia":[{"embeddable":true,"href":"https:\/\/agora.xtec.cat\/ieselsplanells\/wp-json\/wp\/v2\/media\/1898"}],"wp:attachment":[{"href":"https:\/\/agora.xtec.cat\/ieselsplanells\/wp-json\/wp\/v2\/media?parent=1878"}],"wp:term":[{"taxonomy":"category","embeddable":true,"href":"https:\/\/agora.xtec.cat\/ieselsplanells\/wp-json\/wp\/v2\/categories?post=1878"},{"taxonomy":"post_tag","embeddable":true,"href":"https:\/\/agora.xtec.cat\/ieselsplanells\/wp-json\/wp\/v2\/tags?post=1878"}],"curies":[{"name":"wp","href":"https:\/\/api.w.org\/{rel}","templated":true}]}}