{"id":1504,"date":"2016-11-02T10:27:36","date_gmt":"2016-11-02T09:27:36","guid":{"rendered":"http:\/\/agora.xtec.cat\/ieselsplanells\/?p=1504"},"modified":"2017-09-08T13:12:59","modified_gmt":"2017-09-08T11:12:59","slug":"men-contes-un-de-ciencia-iii-concurs-de-relats-curts","status":"publish","type":"post","link":"https:\/\/agora.xtec.cat\/ieselsplanells\/portada\/men-contes-un-de-ciencia-iii-concurs-de-relats-curts\/","title":{"rendered":"Me&#8217;n contes un de ci\u00e8ncia? III Concurs de relats curts"},"content":{"rendered":"<p style=\"text-align: justify;\">L&#8217;Institut de Ci\u00e8ncies de l&#8217;Educaci\u00f3 celebra la <a href=\"http:\/\/www.fundaciorecerca.cat\/setmanaciencia\/frontend\/\" data-saferedirecturl=\"https:\/\/www.google.com\/url?hl=ca&amp;q=http:\/\/www.fundaciorecerca.cat\/setmanaciencia\/frontend\/&amp;source=gmail&amp;ust=1478164310858000&amp;usg=AFQjCNF90d_1CYbp4gEja8v38swVZrdLMw\">21a edici\u00f3 de <\/a><a href=\"http:\/\/www.fundaciorecerca.cat\/setmanaciencia\/frontend\/\" data-saferedirecturl=\"https:\/\/www.google.com\/url?hl=ca&amp;q=http:\/\/www.fundaciorecerca.cat\/setmanaciencia\/frontend\/&amp;source=gmail&amp;ust=1478164310858000&amp;usg=AFQjCNF90d_1CYbp4gEja8v38swVZrdLMw\">la Setmana de la Ci\u00e8ncia.<\/a> En el marc de les activitats que s&#8217;organitzen, hi ha el III Concurs de relats curts: &#8220;Me&#8217;n contes un de ci\u00e8ncia?&#8221;<\/p>\n<p style=\"text-align: justify;\">Aquest \u00e9s un concurs literari que t\u00e9 com a objectiu fer palesa la import\u00e0ncia de l\u2019\u00fas de l&#8217;expressi\u00f3 escrita en totes les \u00e0rees del curr\u00edculum i com a novetat d&#8217;aquest curs i donada la bona resposta que t\u00e9, han incorporat la possibilitat de presentar-se amb relats escrits en llengua aranesa i castellana.<\/p>\n<p style=\"text-align: justify;\">Per a cada llengua han dissenyat dues modalitats de participaci\u00f3, una per prim\u00e0ria i una per secund\u00e0ria i han establert premis per als alumnes i les seues escoles o instituts.<\/p>\n<p style=\"text-align: justify;\">Teniu temps fins al 30 de novembre per presentar-vos.<\/p>\n<p style=\"text-align: justify;\"><a href=\"http:\/\/agora.xtec.cat\/ieselsplanells\/wp-content\/uploads\/usu1160\/2016\/11\/bases-catala-sc16.pdf\" target=\"_blank\">Bases concurs catal\u00e0<\/a><\/p>\n","protected":false},"excerpt":{"rendered":"<p>L&#8217;Institut de CI\u00e8ncies de l&#8217;Educaci\u00f3 organitza el III Concurs de relats curts&hellip;  <a href=\"https:\/\/agora.xtec.cat\/ieselsplanells\/portada\/men-contes-un-de-ciencia-iii-concurs-de-relats-curts\/\" title=\"Read Me&#8217;n contes un de ci\u00e8ncia? III Concurs de relats curts\">Llegeix m\u00e9s\u00bb<\/a><\/p>\n","protected":false},"author":4,"featured_media":1507,"comment_status":"open","ping_status":"open","sticky":false,"template":"","format":"standard","meta":{"_bbp_topic_count":0,"_bbp_reply_count":0,"_bbp_total_topic_count":0,"_bbp_total_reply_count":0,"_bbp_voice_count":0,"_bbp_anonymous_reply_count":0,"_bbp_topic_count_hidden":0,"_bbp_reply_count_hidden":0,"_bbp_forum_subforum_count":0,"footnotes":""},"categories":[330,29],"tags":[247,102,248],"class_list":["post-1504","post","type-post","status-publish","format-standard","has-post-thumbnail","hentry","category-curs1617","category-portada","tag-ciencia","tag-concurs-literari","tag-ice"],"post_mailing_queue_ids":[],"_links":{"self":[{"href":"https:\/\/agora.xtec.cat\/ieselsplanells\/wp-json\/wp\/v2\/posts\/1504","targetHints":{"allow":["GET"]}}],"collection":[{"href":"https:\/\/agora.xtec.cat\/ieselsplanells\/wp-json\/wp\/v2\/posts"}],"about":[{"href":"https:\/\/agora.xtec.cat\/ieselsplanells\/wp-json\/wp\/v2\/types\/post"}],"author":[{"embeddable":true,"href":"https:\/\/agora.xtec.cat\/ieselsplanells\/wp-json\/wp\/v2\/users\/4"}],"replies":[{"embeddable":true,"href":"https:\/\/agora.xtec.cat\/ieselsplanells\/wp-json\/wp\/v2\/comments?post=1504"}],"version-history":[{"count":1,"href":"https:\/\/agora.xtec.cat\/ieselsplanells\/wp-json\/wp\/v2\/posts\/1504\/revisions"}],"predecessor-version":[{"id":1509,"href":"https:\/\/agora.xtec.cat\/ieselsplanells\/wp-json\/wp\/v2\/posts\/1504\/revisions\/1509"}],"wp:featuredmedia":[{"embeddable":true,"href":"https:\/\/agora.xtec.cat\/ieselsplanells\/wp-json\/wp\/v2\/media\/1507"}],"wp:attachment":[{"href":"https:\/\/agora.xtec.cat\/ieselsplanells\/wp-json\/wp\/v2\/media?parent=1504"}],"wp:term":[{"taxonomy":"category","embeddable":true,"href":"https:\/\/agora.xtec.cat\/ieselsplanells\/wp-json\/wp\/v2\/categories?post=1504"},{"taxonomy":"post_tag","embeddable":true,"href":"https:\/\/agora.xtec.cat\/ieselsplanells\/wp-json\/wp\/v2\/tags?post=1504"}],"curies":[{"name":"wp","href":"https:\/\/api.w.org\/{rel}","templated":true}]}}