{"id":14490,"date":"2026-03-12T18:29:57","date_gmt":"2026-03-12T17:29:57","guid":{"rendered":"https:\/\/agora.xtec.cat\/ieselsplanells\/?p=14490"},"modified":"2026-03-16T17:58:33","modified_gmt":"2026-03-16T16:58:33","slug":"queralt-regue-claverol-guardonada-al-iv-premi-comarcal-de-la-noguera-de-treballs-de-recerca-de-batxillerat","status":"publish","type":"post","link":"https:\/\/agora.xtec.cat\/ieselsplanells\/batxillerat\/queralt-regue-claverol-guardonada-al-iv-premi-comarcal-de-la-noguera-de-treballs-de-recerca-de-batxillerat\/","title":{"rendered":"QUERALT REGU\u00c9 CLAVEROL GUARDONADA AL IV PREMI COMARCAL DE LA NOGUERA DE TREBALLS DE RECERCA DE BATXILLERAT"},"content":{"rendered":"<p>El dimarts 10 de mar\u00e7 va tenir lloc al poliesportiu de Bellcaire d\u2019Urgell l\u2019acte de lliurament del IV Premi Comarcal de La Noguera de Treballs de Recerca de Batxillerat.<\/p>\n<p>La Queralt Regu\u00e9 Claverol, alumna de segon de batxillerat del nostre institut, ha estat guardonada amb 150 euros pel seu Treball de Recerca titulat &#8220;Dones silenciades. Deconstruint el passat per preservar la mem\u00f2ria. El valor de la transmissi\u00f3 oral&#8221;.<\/p>\n<p>Aquest guard\u00f3 obtingut per la Queralt \u00e9s un premi de Mem\u00f2ria Democr\u00e0tica, especial, i nou d\u2019enguany, dedicat a Cl\u00e0udia P\u00e9rez \u00c1lvaro. Adre\u00e7at als treballs que abordin aquesta tem\u00e0tica i que ha sigut valorat per l\u2019equip del Camp d\u2019Aprenentatge de la Noguera.<\/p>\n<p>A m\u00e9s, juntament amb la premiada Queralt Regu\u00e9, el nostre institut tamb\u00e9 estava representat en aquest certamen per una altra alumna del nostre centre: la Luc\u00eda Garcia Gil amb el seu TdR \u201cEspanya versus Estats Units: l\u2019evoluci\u00f3 de la censura als mitjans escrits\u201d.<\/p>\n<p>Si voleu tenir<a href=\"https:\/\/serveiseducatius.xtec.cat\/noguera\/general\/exit-de-la-iv-jornada-noguera-recerca-a-bellcaire\/\"> acc\u00e9s a m\u00e9s informaci\u00f3 i a les fotos del certamen<\/a>, us enllacem la noticia que ha publicat el CRP de la Noguera on ho trobareu tot.<\/p>\n<p>Per la nostra part, estem molt orgullosos de les dues, pel seu esfor\u00e7 i const\u00e0ncia. Esperem que serveixi d\u2019exemple als seus companys. Enhorabona! Les felicitem per les seves excel\u00b7lents exposicions.<\/p>\n<p>&nbsp;<\/p>\n<p>&nbsp;<\/p>\n<p><a href=\"https:\/\/agora.xtec.cat\/ieselsplanells\/wp-content\/uploads\/usu1160\/2026\/03\/WhatsApp-Image-2026-03-11-at-10.14.13.jpeg\"><img loading=\"lazy\" decoding=\"async\" class=\"alignnone size-large wp-image-14491\" src=\"https:\/\/agora.xtec.cat\/ieselsplanells\/wp-content\/uploads\/usu1160\/2026\/03\/WhatsApp-Image-2026-03-11-at-10.14.13-1024x768.jpeg\" alt=\"\" width=\"1024\" height=\"768\" srcset=\"https:\/\/agora.xtec.cat\/ieselsplanells\/wp-content\/uploads\/usu1160\/2026\/03\/WhatsApp-Image-2026-03-11-at-10.14.13-1024x768.jpeg 1024w, https:\/\/agora.xtec.cat\/ieselsplanells\/wp-content\/uploads\/usu1160\/2026\/03\/WhatsApp-Image-2026-03-11-at-10.14.13-300x225.jpeg 300w, https:\/\/agora.xtec.cat\/ieselsplanells\/wp-content\/uploads\/usu1160\/2026\/03\/WhatsApp-Image-2026-03-11-at-10.14.13-768x576.jpeg 768w, https:\/\/agora.xtec.cat\/ieselsplanells\/wp-content\/uploads\/usu1160\/2026\/03\/WhatsApp-Image-2026-03-11-at-10.14.13-1536x1152.jpeg 1536w, https:\/\/agora.xtec.cat\/ieselsplanells\/wp-content\/uploads\/usu1160\/2026\/03\/WhatsApp-Image-2026-03-11-at-10.14.13-200x150.jpeg 200w, https:\/\/agora.xtec.cat\/ieselsplanells\/wp-content\/uploads\/usu1160\/2026\/03\/WhatsApp-Image-2026-03-11-at-10.14.13.jpeg 2000w\" sizes=\"auto, (max-width: 1024px) 100vw, 1024px\" \/><\/a><\/p>\n","protected":false},"excerpt":{"rendered":"<p>El dimarts 10 de mar\u00e7 va tenir lloc al poliesportiu de Bellcaire d\u2019Urgell l\u2019acte de lliurament del IV Premi Comarcal de La Noguera de Treballs de Recerca de Batxillerat.<\/p>\n<p>La Queralt Regu\u00e9 Claverol, alumna de segon de batxillerat del nostre institut, ha estat guardonada amb 150 euros pel seu Treball de Recerca titulat &#8220;Dones silenciades. Deconstruint el passat per preservar la mem\u00f2ria. El valor de la transmissi\u00f3 oral&#8221;.&hellip;  <a href=\"https:\/\/agora.xtec.cat\/ieselsplanells\/batxillerat\/queralt-regue-claverol-guardonada-al-iv-premi-comarcal-de-la-noguera-de-treballs-de-recerca-de-batxillerat\/\" title=\"Read QUERALT REGU\u00c9 CLAVEROL GUARDONADA AL IV PREMI COMARCAL DE LA NOGUERA DE TREBALLS DE RECERCA DE BATXILLERAT\">Llegeix m\u00e9s\u00bb<\/a><\/p>\n","protected":false},"author":301,"featured_media":14491,"comment_status":"open","ping_status":"open","sticky":false,"template":"","format":"standard","meta":{"_bbp_topic_count":0,"_bbp_reply_count":0,"_bbp_total_topic_count":0,"_bbp_total_reply_count":0,"_bbp_voice_count":0,"_bbp_anonymous_reply_count":0,"_bbp_topic_count_hidden":0,"_bbp_reply_count_hidden":0,"_bbp_forum_subforum_count":0,"footnotes":""},"categories":[8,29],"tags":[555,68,70],"class_list":["post-14490","post","type-post","status-publish","format-standard","has-post-thumbnail","hentry","category-batxillerat","category-portada","tag-2025-2026","tag-batxillerat","tag-premis"],"post_mailing_queue_ids":[],"_links":{"self":[{"href":"https:\/\/agora.xtec.cat\/ieselsplanells\/wp-json\/wp\/v2\/posts\/14490","targetHints":{"allow":["GET"]}}],"collection":[{"href":"https:\/\/agora.xtec.cat\/ieselsplanells\/wp-json\/wp\/v2\/posts"}],"about":[{"href":"https:\/\/agora.xtec.cat\/ieselsplanells\/wp-json\/wp\/v2\/types\/post"}],"author":[{"embeddable":true,"href":"https:\/\/agora.xtec.cat\/ieselsplanells\/wp-json\/wp\/v2\/users\/301"}],"replies":[{"embeddable":true,"href":"https:\/\/agora.xtec.cat\/ieselsplanells\/wp-json\/wp\/v2\/comments?post=14490"}],"version-history":[{"count":4,"href":"https:\/\/agora.xtec.cat\/ieselsplanells\/wp-json\/wp\/v2\/posts\/14490\/revisions"}],"predecessor-version":[{"id":14495,"href":"https:\/\/agora.xtec.cat\/ieselsplanells\/wp-json\/wp\/v2\/posts\/14490\/revisions\/14495"}],"wp:featuredmedia":[{"embeddable":true,"href":"https:\/\/agora.xtec.cat\/ieselsplanells\/wp-json\/wp\/v2\/media\/14491"}],"wp:attachment":[{"href":"https:\/\/agora.xtec.cat\/ieselsplanells\/wp-json\/wp\/v2\/media?parent=14490"}],"wp:term":[{"taxonomy":"category","embeddable":true,"href":"https:\/\/agora.xtec.cat\/ieselsplanells\/wp-json\/wp\/v2\/categories?post=14490"},{"taxonomy":"post_tag","embeddable":true,"href":"https:\/\/agora.xtec.cat\/ieselsplanells\/wp-json\/wp\/v2\/tags?post=14490"}],"curies":[{"name":"wp","href":"https:\/\/api.w.org\/{rel}","templated":true}]}}