{"id":1444,"date":"2016-10-24T21:50:00","date_gmt":"2016-10-24T19:50:00","guid":{"rendered":"http:\/\/agora.xtec.cat\/ieselsplanells\/?p=1444"},"modified":"2017-09-08T13:13:39","modified_gmt":"2017-09-08T11:13:39","slug":"redaccion-2-un-incidente-inesperado-valentina","status":"publish","type":"post","link":"https:\/\/agora.xtec.cat\/ieselsplanells\/portada\/redaccion-2-un-incidente-inesperado-valentina\/","title":{"rendered":"Redacci\u00f3n 2: Un incidente inesperado (Valentina)"},"content":{"rendered":"<p>Tras llegar a casa, el hombre que acompa\u00f1o al ciego a casa se despidi\u00f3 de \u00e9l y se fue. El hombre entr\u00f3 en la casa y se sinti\u00f3 solo y desolado, c\u00f3mo es posible que me haya pasado eso, se preguntaba a s\u00ed mismo.<\/p>\n<p>Estuvo un rato recostado contra la puerta de su casa hasta que decidi\u00f3 que lo mejor era ir a dormir y que al d\u00eda siguiente si segu\u00eda igual ir\u00eda al m\u00e9dico. A gatas y haci\u00e9ndose un mapa mental de su casa lleg\u00f3 a su habitaci\u00f3n y se subi\u00f3 a su cama y aunque parezca extra\u00f1o se durmi\u00f3 enseguida.<\/p>\n<p>Al d\u00eda siguiente cuando se despert\u00f3, segu\u00eda viendo esa luz blanca pero cuando se iba a levantar le vinieron una serie de flashes inconexos. \u00c9l no entend\u00eda nada pero decidi\u00f3 concentrarse en esos flashes y distingui\u00f3 el patio de su casa y hab\u00eda una voz que le repet\u00eda constantemente que fuera hacia all\u00ed.<\/p>\n<p>Hizo caso a esa voz y se dirigi\u00f3 a su patio cuando lleg\u00f3 not\u00f3 como flotaba y empez\u00f3 a gritar pero una mano fue posada en su boca call\u00e1ndolo. Al instante, not\u00f3 como tocaba tierra firme y le dijeron unas palabras que jam\u00e1s olvidar\u00eda:<\/p>\n<ul>\n<li>El fin del mundo ha empezado<\/li>\n<\/ul>\n<p>Y de pronto despert\u00f3.<\/p>\n","protected":false},"excerpt":{"rendered":"<p>Tras llegar a casa, el hombre que acompa\u00f1o al ciego a casa se despidi\u00f3 de \u00e9l y se fue. El hombre entr\u00f3 en la casa y se sinti\u00f3 solo y desolado, c\u00f3mo es posible que me haya pasado eso, se preguntaba a s\u00ed mismo.<br \/>\nEstuvo un&hellip;  <a href=\"https:\/\/agora.xtec.cat\/ieselsplanells\/portada\/redaccion-2-un-incidente-inesperado-valentina\/\" title=\"Read Redacci\u00f3n 2: Un incidente inesperado (Valentina)\">Llegeix m\u00e9s\u00bb<\/a><\/p>\n","protected":false},"author":64,"featured_media":1450,"comment_status":"open","ping_status":"open","sticky":false,"template":"","format":"standard","meta":{"_bbp_topic_count":0,"_bbp_reply_count":0,"_bbp_total_topic_count":0,"_bbp_total_reply_count":0,"_bbp_voice_count":0,"_bbp_anonymous_reply_count":0,"_bbp_topic_count_hidden":0,"_bbp_reply_count_hidden":0,"_bbp_forum_subforum_count":0,"footnotes":""},"categories":[330,29],"tags":[],"class_list":["post-1444","post","type-post","status-publish","format-standard","has-post-thumbnail","hentry","category-curs1617","category-portada"],"post_mailing_queue_ids":[],"_links":{"self":[{"href":"https:\/\/agora.xtec.cat\/ieselsplanells\/wp-json\/wp\/v2\/posts\/1444","targetHints":{"allow":["GET"]}}],"collection":[{"href":"https:\/\/agora.xtec.cat\/ieselsplanells\/wp-json\/wp\/v2\/posts"}],"about":[{"href":"https:\/\/agora.xtec.cat\/ieselsplanells\/wp-json\/wp\/v2\/types\/post"}],"author":[{"embeddable":true,"href":"https:\/\/agora.xtec.cat\/ieselsplanells\/wp-json\/wp\/v2\/users\/64"}],"replies":[{"embeddable":true,"href":"https:\/\/agora.xtec.cat\/ieselsplanells\/wp-json\/wp\/v2\/comments?post=1444"}],"version-history":[{"count":2,"href":"https:\/\/agora.xtec.cat\/ieselsplanells\/wp-json\/wp\/v2\/posts\/1444\/revisions"}],"predecessor-version":[{"id":1447,"href":"https:\/\/agora.xtec.cat\/ieselsplanells\/wp-json\/wp\/v2\/posts\/1444\/revisions\/1447"}],"wp:featuredmedia":[{"embeddable":true,"href":"https:\/\/agora.xtec.cat\/ieselsplanells\/wp-json\/wp\/v2\/media\/1450"}],"wp:attachment":[{"href":"https:\/\/agora.xtec.cat\/ieselsplanells\/wp-json\/wp\/v2\/media?parent=1444"}],"wp:term":[{"taxonomy":"category","embeddable":true,"href":"https:\/\/agora.xtec.cat\/ieselsplanells\/wp-json\/wp\/v2\/categories?post=1444"},{"taxonomy":"post_tag","embeddable":true,"href":"https:\/\/agora.xtec.cat\/ieselsplanells\/wp-json\/wp\/v2\/tags?post=1444"}],"curies":[{"name":"wp","href":"https:\/\/api.w.org\/{rel}","templated":true}]}}