{"id":14283,"date":"2025-06-10T14:58:57","date_gmt":"2025-06-10T12:58:57","guid":{"rendered":"https:\/\/agora.xtec.cat\/ieselsplanells\/?p=14283"},"modified":"2025-06-10T14:58:57","modified_gmt":"2025-06-10T12:58:57","slug":"alumnes-de-3r-deso-finalistes-al-concurs-the-challenge-de-la-caixa","status":"publish","type":"post","link":"https:\/\/agora.xtec.cat\/ieselsplanells\/general\/alumnes-de-3r-deso-finalistes-al-concurs-the-challenge-de-la-caixa\/","title":{"rendered":"Alumnes de 3r d&#8217;ESO finalistes al concurs The Challenge de la Caixa"},"content":{"rendered":"<p>El projecte Pure H<sub>2<\/sub>O de les alumnes de 3r d\u2019ESO, Aida Bernaus, Anna Gabarr\u00f3 i\u00a0 Alba Vellv\u00e9 ha estat un dels 100 finalistes del concurs <a href=\"https:\/\/educaixa.org\/ca\/landing-thechallenge\">The challenge de la Caixa<\/a>, entre els m\u00e9s de 2 mil projectes presentats a Espanya i Portugal. Aquest concurs busca idees per millorar qualsevol aspecte relacionat amb els Objectius de Desenvolupament Sostenible.<\/p>\n<p>Els dies 6 al 9 de maig van assistir, acompanyades del professor Jordi Trilla, al campus organitzat a Barcelona. Van fer tallers i sessions de treball amb especialistes i mentors, van poder intercanviar idees amb la resta de finalistes i van aprendre molt\u00edssim. El campus es va desenvolupar a l\u2019hotel Barcel\u00f3 Sants i al Cosmocaixa.<\/p>\n<p>El seu projecte, \u201cPure H\u2082O\u201d, consisteix en una manera innovadora per a potabilitzar l\u2019aigua sense l\u2019addici\u00f3 de productes qu\u00edmics, amb el prop\u00f2sit d\u2019imitar la natura en el seu proc\u00e9s.<\/p>\n<p>Despr\u00e9s de moltes hores de treball, l\u2019\u00faltim dia van fer la presentaci\u00f3 del seu projecte a la resta d\u2019equips. Amb una din\u00e0mica presentaci\u00f3 de 3 minuts, van transmetre tot el seu treball i van quedar molt contentes de l\u2019experi\u00e8ncia.<\/p>\n<p>Els 7 equips m\u00e9s ben valorats van aconseguir un viatge formatiu a Nova York. El nivell dels projectes presentats era molt alt, i felicitem als equips que han passat a la seg\u00fcent fase.<\/p>\n<p><a href=\"https:\/\/agora.xtec.cat\/ieselsplanells\/wp-content\/uploads\/usu1160\/2025\/06\/IMG_6012-rotated.jpg\"><img loading=\"lazy\" decoding=\"async\" class=\"alignnone size-large wp-image-14285\" src=\"https:\/\/agora.xtec.cat\/ieselsplanells\/wp-content\/uploads\/usu1160\/2025\/06\/IMG_6012-768x1024.jpg\" alt=\"\" width=\"768\" height=\"1024\" srcset=\"https:\/\/agora.xtec.cat\/ieselsplanells\/wp-content\/uploads\/usu1160\/2025\/06\/IMG_6012-768x1024.jpg 768w, https:\/\/agora.xtec.cat\/ieselsplanells\/wp-content\/uploads\/usu1160\/2025\/06\/IMG_6012-225x300.jpg 225w, https:\/\/agora.xtec.cat\/ieselsplanells\/wp-content\/uploads\/usu1160\/2025\/06\/IMG_6012-1152x1536.jpg 1152w, https:\/\/agora.xtec.cat\/ieselsplanells\/wp-content\/uploads\/usu1160\/2025\/06\/IMG_6012-rotated.jpg 1512w\" sizes=\"auto, (max-width: 768px) 100vw, 768px\" \/><\/a><\/p>\n<p><a href=\"https:\/\/agora.xtec.cat\/ieselsplanells\/wp-content\/uploads\/usu1160\/2025\/06\/Captura.jpg\"><img loading=\"lazy\" decoding=\"async\" class=\"alignnone size-full wp-image-14287\" src=\"https:\/\/agora.xtec.cat\/ieselsplanells\/wp-content\/uploads\/usu1160\/2025\/06\/Captura.jpg\" alt=\"\" width=\"694\" height=\"915\" srcset=\"https:\/\/agora.xtec.cat\/ieselsplanells\/wp-content\/uploads\/usu1160\/2025\/06\/Captura.jpg 694w, https:\/\/agora.xtec.cat\/ieselsplanells\/wp-content\/uploads\/usu1160\/2025\/06\/Captura-228x300.jpg 228w\" sizes=\"auto, (max-width: 694px) 100vw, 694px\" \/><\/a><\/p>\n","protected":false},"excerpt":{"rendered":"<p>El projecte Pure H2O de les alumnes de 3r d\u2019ESO, Aida Bernaus, Anna Gabarr\u00f3 i\u00a0 Alba Vellv\u00e9 ha estat un dels 100 finalistes del concurs The challenge de la Caixa, entre els m\u00e9s de 2 mil projectes presentats a Espanya i Portugal. Aquest concurs busca idees per millorar qualsevol aspecte relacionat amb els Objectius de Desenvolupament Sostenible.&hellip;  <a href=\"https:\/\/agora.xtec.cat\/ieselsplanells\/general\/alumnes-de-3r-deso-finalistes-al-concurs-the-challenge-de-la-caixa\/\" title=\"Read Alumnes de 3r d&#8217;ESO finalistes al concurs The Challenge de la Caixa\">Llegeix m\u00e9s\u00bb<\/a><\/p>\n","protected":false},"author":10,"featured_media":14286,"comment_status":"open","ping_status":"open","sticky":false,"template":"","format":"standard","meta":{"_bbp_topic_count":0,"_bbp_reply_count":0,"_bbp_total_topic_count":0,"_bbp_total_reply_count":0,"_bbp_voice_count":0,"_bbp_anonymous_reply_count":0,"_bbp_topic_count_hidden":0,"_bbp_reply_count_hidden":0,"_bbp_forum_subforum_count":0,"footnotes":""},"categories":[545,1,29],"tags":[],"class_list":["post-14283","post","type-post","status-publish","format-standard","has-post-thumbnail","hentry","category-curs-2024-2025","category-general","category-portada"],"post_mailing_queue_ids":[],"_links":{"self":[{"href":"https:\/\/agora.xtec.cat\/ieselsplanells\/wp-json\/wp\/v2\/posts\/14283","targetHints":{"allow":["GET"]}}],"collection":[{"href":"https:\/\/agora.xtec.cat\/ieselsplanells\/wp-json\/wp\/v2\/posts"}],"about":[{"href":"https:\/\/agora.xtec.cat\/ieselsplanells\/wp-json\/wp\/v2\/types\/post"}],"author":[{"embeddable":true,"href":"https:\/\/agora.xtec.cat\/ieselsplanells\/wp-json\/wp\/v2\/users\/10"}],"replies":[{"embeddable":true,"href":"https:\/\/agora.xtec.cat\/ieselsplanells\/wp-json\/wp\/v2\/comments?post=14283"}],"version-history":[{"count":2,"href":"https:\/\/agora.xtec.cat\/ieselsplanells\/wp-json\/wp\/v2\/posts\/14283\/revisions"}],"predecessor-version":[{"id":14288,"href":"https:\/\/agora.xtec.cat\/ieselsplanells\/wp-json\/wp\/v2\/posts\/14283\/revisions\/14288"}],"wp:featuredmedia":[{"embeddable":true,"href":"https:\/\/agora.xtec.cat\/ieselsplanells\/wp-json\/wp\/v2\/media\/14286"}],"wp:attachment":[{"href":"https:\/\/agora.xtec.cat\/ieselsplanells\/wp-json\/wp\/v2\/media?parent=14283"}],"wp:term":[{"taxonomy":"category","embeddable":true,"href":"https:\/\/agora.xtec.cat\/ieselsplanells\/wp-json\/wp\/v2\/categories?post=14283"},{"taxonomy":"post_tag","embeddable":true,"href":"https:\/\/agora.xtec.cat\/ieselsplanells\/wp-json\/wp\/v2\/tags?post=14283"}],"curies":[{"name":"wp","href":"https:\/\/api.w.org\/{rel}","templated":true}]}}