{"id":14160,"date":"2025-03-28T20:45:45","date_gmt":"2025-03-28T19:45:45","guid":{"rendered":"https:\/\/agora.xtec.cat\/ieselsplanells\/?p=14160"},"modified":"2025-03-28T20:45:45","modified_gmt":"2025-03-28T19:45:45","slug":"2a-cursa-caminada-solidaria-per-la-fundacio-arrels","status":"publish","type":"post","link":"https:\/\/agora.xtec.cat\/ieselsplanells\/general\/2a-cursa-caminada-solidaria-per-la-fundacio-arrels\/","title":{"rendered":"2a Cursa\/caminada Solid\u00e0ria per la Fundaci\u00f3 Arrels"},"content":{"rendered":"<p><a href=\"https:\/\/agora.xtec.cat\/ieselsplanells\/wp-content\/uploads\/usu1160\/2025\/03\/corrent-esquena.jpg\"><img loading=\"lazy\" decoding=\"async\" class=\"alignnone wp-image-14175\" src=\"https:\/\/agora.xtec.cat\/ieselsplanells\/wp-content\/uploads\/usu1160\/2025\/03\/corrent-esquena.jpg\" alt=\"\" width=\"426\" height=\"252\" srcset=\"https:\/\/agora.xtec.cat\/ieselsplanells\/wp-content\/uploads\/usu1160\/2025\/03\/corrent-esquena.jpg 769w, https:\/\/agora.xtec.cat\/ieselsplanells\/wp-content\/uploads\/usu1160\/2025\/03\/corrent-esquena-300x178.jpg 300w\" sizes=\"auto, (max-width: 426px) 100vw, 426px\" \/>\u00a0\u00a0<\/a><a href=\"https:\/\/agora.xtec.cat\/ieselsplanells\/wp-content\/uploads\/usu1160\/2025\/03\/nenes-corrent-esquena.jpg\"><img loading=\"lazy\" decoding=\"async\" class=\"alignnone wp-image-14176\" src=\"https:\/\/agora.xtec.cat\/ieselsplanells\/wp-content\/uploads\/usu1160\/2025\/03\/nenes-corrent-esquena.jpg\" alt=\"\" width=\"419\" height=\"258\" srcset=\"https:\/\/agora.xtec.cat\/ieselsplanells\/wp-content\/uploads\/usu1160\/2025\/03\/nenes-corrent-esquena.jpg 571w, https:\/\/agora.xtec.cat\/ieselsplanells\/wp-content\/uploads\/usu1160\/2025\/03\/nenes-corrent-esquena-300x185.jpg 300w\" sizes=\"auto, (max-width: 419px) 100vw, 419px\" \/><\/a><\/p>\n<p style=\"text-align: justify;\">Ahir, 27 de mar\u00e7 de 2025, va tenir lloc la <strong>2a Cursa\/caminada Solid\u00e0ria<\/strong> per recaptar diners per a l&#8217;ONG Arrels Fundaci\u00f3, dedicada a l&#8217;atenci\u00f3 de presones sense llar. La cursa havia estat inicialment programada pel dia 21 de mar\u00e7, per\u00f2 es va haver d&#8217;ajornar per la pluja. Ahir, per\u00f2, va sortir el sol en una jornada que va lluir en tots els sentits.<\/p>\n<p style=\"text-align: justify;\">L&#8217;esdeveniment va ser organitzat per la Comissi\u00f3 d&#8217;activitats i el V\u00edctor Arribas, professor d&#8217;Educaci\u00f3 F\u00edsica de 3r d&#8217;ESO, juntament amb les tutories de 3r ESO i amb la col\u00b7laboraci\u00f3 del professorat. Cal felicitar-los a tots pel seu treball en les tasques d&#8217;organitzaci\u00f3 i dinamitzaci\u00f3 i, en especial, a l&#8217;alumnat per la responsabilitat que van mostrar en tot moment i el bon humor amb qu\u00e8 van amenitzar la jornada.<\/p>\n<p><a href=\"https:\/\/agora.xtec.cat\/ieselsplanells\/wp-content\/uploads\/usu1160\/2025\/03\/taula-1.jpg\"><img loading=\"lazy\" decoding=\"async\" class=\"alignnone wp-image-14173\" src=\"https:\/\/agora.xtec.cat\/ieselsplanells\/wp-content\/uploads\/usu1160\/2025\/03\/taula-1.jpg\" alt=\"\" width=\"363\" height=\"262\" srcset=\"https:\/\/agora.xtec.cat\/ieselsplanells\/wp-content\/uploads\/usu1160\/2025\/03\/taula-1.jpg 494w, https:\/\/agora.xtec.cat\/ieselsplanells\/wp-content\/uploads\/usu1160\/2025\/03\/taula-1-300x216.jpg 300w\" sizes=\"auto, (max-width: 363px) 100vw, 363px\" \/>\u00a0\u00a0\u00a0<\/a> <a href=\"https:\/\/agora.xtec.cat\/ieselsplanells\/wp-content\/uploads\/usu1160\/2025\/03\/nens-3r.jpg\"><img loading=\"lazy\" decoding=\"async\" class=\"alignnone wp-image-14174\" src=\"https:\/\/agora.xtec.cat\/ieselsplanells\/wp-content\/uploads\/usu1160\/2025\/03\/nens-3r.jpg\" alt=\"\" width=\"471\" height=\"260\" srcset=\"https:\/\/agora.xtec.cat\/ieselsplanells\/wp-content\/uploads\/usu1160\/2025\/03\/nens-3r.jpg 743w, https:\/\/agora.xtec.cat\/ieselsplanells\/wp-content\/uploads\/usu1160\/2025\/03\/nens-3r-300x166.jpg 300w\" sizes=\"auto, (max-width: 471px) 100vw, 471px\" \/>\u00a0 <\/a><\/p>\n<p><a href=\"https:\/\/agora.xtec.cat\/ieselsplanells\/wp-content\/uploads\/usu1160\/2025\/03\/speakers.jpg\">\u00a0<\/a><a href=\"https:\/\/agora.xtec.cat\/ieselsplanells\/wp-content\/uploads\/usu1160\/2025\/03\/nenes-taula.jpg\"><img loading=\"lazy\" decoding=\"async\" class=\"alignnone wp-image-14172\" src=\"https:\/\/agora.xtec.cat\/ieselsplanells\/wp-content\/uploads\/usu1160\/2025\/03\/nenes-taula.jpg\" alt=\"\" width=\"401\" height=\"254\" srcset=\"https:\/\/agora.xtec.cat\/ieselsplanells\/wp-content\/uploads\/usu1160\/2025\/03\/nenes-taula.jpg 734w, https:\/\/agora.xtec.cat\/ieselsplanells\/wp-content\/uploads\/usu1160\/2025\/03\/nenes-taula-300x190.jpg 300w\" sizes=\"auto, (max-width: 401px) 100vw, 401px\" \/> \u00a0\u00a0 <\/a><a href=\"https:\/\/agora.xtec.cat\/ieselsplanells\/wp-content\/uploads\/usu1160\/2025\/03\/speakers-1.jpg\"><img loading=\"lazy\" decoding=\"async\" class=\"alignnone wp-image-14180\" src=\"https:\/\/agora.xtec.cat\/ieselsplanells\/wp-content\/uploads\/usu1160\/2025\/03\/speakers-1.jpg\" alt=\"\" width=\"431\" height=\"256\" srcset=\"https:\/\/agora.xtec.cat\/ieselsplanells\/wp-content\/uploads\/usu1160\/2025\/03\/speakers-1.jpg 765w, https:\/\/agora.xtec.cat\/ieselsplanells\/wp-content\/uploads\/usu1160\/2025\/03\/speakers-1-300x178.jpg 300w\" sizes=\"auto, (max-width: 431px) 100vw, 431px\" \/><\/a><\/p>\n<p style=\"text-align: justify;\">Els corredors ens van sorprendre per la rapidesa en qu\u00e8 van completar el bell circu\u00eft de 8 kil\u00f2metres per l&#8217;horta d&#8217;Artesa i destaquem la bona forma f\u00edsica del professor Xavi Orta que va ser el guanyador absolut, completant el recorregut en poc m\u00e9s de 33 minuts. En acabar la cursa, es van lliurar els premis als guanyadors de les 3 categories:<\/p>\n<p style=\"text-align: left;\"><strong>Categoria 1 ( 1r, 2n i 3r d&#8217;ESO)<\/strong><\/p>\n<p style=\"text-align: left;\"><strong>Femen\u00ed<\/strong><\/p>\n<p style=\"text-align: left;\"><span style=\"color: #000000;\">1a Posici\u00f3: Laia Bresc\u00f3<\/span><\/p>\n<p style=\"text-align: left;\">2a Posici\u00f3: Elna Bullich<\/p>\n<p style=\"text-align: left;\"><a href=\"https:\/\/agora.xtec.cat\/ieselsplanells\/wp-content\/uploads\/usu1160\/2025\/03\/elna-i-laia.jpg\"><img loading=\"lazy\" decoding=\"async\" class=\"alignnone wp-image-14181\" src=\"https:\/\/agora.xtec.cat\/ieselsplanells\/wp-content\/uploads\/usu1160\/2025\/03\/elna-i-laia.jpg\" alt=\"\" width=\"605\" height=\"505\" srcset=\"https:\/\/agora.xtec.cat\/ieselsplanells\/wp-content\/uploads\/usu1160\/2025\/03\/elna-i-laia.jpg 468w, https:\/\/agora.xtec.cat\/ieselsplanells\/wp-content\/uploads\/usu1160\/2025\/03\/elna-i-laia-300x250.jpg 300w\" sizes=\"auto, (max-width: 605px) 100vw, 605px\" \/><\/a><\/p>\n<p style=\"text-align: left;\"><strong>Mascul\u00ed\u00a0<\/strong><\/p>\n<p style=\"text-align: left;\">1a Posici\u00f3: Pep Mart\u00ednez<\/p>\n<p style=\"text-align: left;\">2a Posici\u00f3: Wedney Araujo<\/p>\n<p style=\"text-align: left;\"><a href=\"https:\/\/agora.xtec.cat\/ieselsplanells\/wp-content\/uploads\/usu1160\/2025\/03\/pep-i-wedney.jpg\"><img loading=\"lazy\" decoding=\"async\" class=\"alignnone size-full wp-image-14182\" src=\"https:\/\/agora.xtec.cat\/ieselsplanells\/wp-content\/uploads\/usu1160\/2025\/03\/pep-i-wedney.jpg\" alt=\"\" width=\"611\" height=\"431\" srcset=\"https:\/\/agora.xtec.cat\/ieselsplanells\/wp-content\/uploads\/usu1160\/2025\/03\/pep-i-wedney.jpg 611w, https:\/\/agora.xtec.cat\/ieselsplanells\/wp-content\/uploads\/usu1160\/2025\/03\/pep-i-wedney-300x212.jpg 300w\" sizes=\"auto, (max-width: 611px) 100vw, 611px\" \/><\/a><\/p>\n<p style=\"text-align: left;\"><strong>Categoria 2 ( 4t d&#8217;ESO, Batxillerat i Cicle Formatiu)<\/strong><\/p>\n<p style=\"text-align: left;\"><strong>Femen\u00ed<\/strong><\/p>\n<p style=\"text-align: left;\">1a Posici\u00f3: Gemma Sol\u00e9<\/p>\n<p style=\"text-align: left;\">2a Posici\u00f3: J\u00falia Fontanet<\/p>\n<p style=\"text-align: left;\"><a href=\"https:\/\/agora.xtec.cat\/ieselsplanells\/wp-content\/uploads\/usu1160\/2025\/03\/gemma-i-julia.jpg\"><img loading=\"lazy\" decoding=\"async\" class=\"alignnone size-full wp-image-14183\" src=\"https:\/\/agora.xtec.cat\/ieselsplanells\/wp-content\/uploads\/usu1160\/2025\/03\/gemma-i-julia.jpg\" alt=\"\" width=\"643\" height=\"468\" srcset=\"https:\/\/agora.xtec.cat\/ieselsplanells\/wp-content\/uploads\/usu1160\/2025\/03\/gemma-i-julia.jpg 643w, https:\/\/agora.xtec.cat\/ieselsplanells\/wp-content\/uploads\/usu1160\/2025\/03\/gemma-i-julia-300x218.jpg 300w\" sizes=\"auto, (max-width: 643px) 100vw, 643px\" \/><\/a><\/p>\n<p style=\"text-align: left;\"><strong>Mascul\u00ed\u00a0<\/strong><\/p>\n<p style=\"text-align: left;\">1a Posici\u00f3: Lluc Estany<\/p>\n<p style=\"text-align: left;\">2a Posici\u00f3: Ivan Petrov<\/p>\n<p style=\"text-align: left;\"><a href=\"https:\/\/agora.xtec.cat\/ieselsplanells\/wp-content\/uploads\/usu1160\/2025\/03\/ivan-i-lluc.jpg\"><img loading=\"lazy\" decoding=\"async\" class=\"alignnone size-full wp-image-14184\" src=\"https:\/\/agora.xtec.cat\/ieselsplanells\/wp-content\/uploads\/usu1160\/2025\/03\/ivan-i-lluc.jpg\" alt=\"\" width=\"657\" height=\"542\" srcset=\"https:\/\/agora.xtec.cat\/ieselsplanells\/wp-content\/uploads\/usu1160\/2025\/03\/ivan-i-lluc.jpg 657w, https:\/\/agora.xtec.cat\/ieselsplanells\/wp-content\/uploads\/usu1160\/2025\/03\/ivan-i-lluc-300x247.jpg 300w\" sizes=\"auto, (max-width: 657px) 100vw, 657px\" \/><\/a><\/p>\n<p style=\"text-align: left;\"><strong>C<\/strong><strong>ategoria Professorat<\/strong><\/p>\n<p style=\"text-align: left;\">1a Posici\u00f3: Xavi Orta<\/p>\n<p style=\"text-align: left;\">2a Posici\u00f3: Jordi Trilla<\/p>\n<p style=\"text-align: left;\"><a href=\"https:\/\/agora.xtec.cat\/ieselsplanells\/wp-content\/uploads\/usu1160\/2025\/03\/xavi.jpg\"><img loading=\"lazy\" decoding=\"async\" class=\"alignnone wp-image-14185\" src=\"https:\/\/agora.xtec.cat\/ieselsplanells\/wp-content\/uploads\/usu1160\/2025\/03\/xavi.jpg\" alt=\"\" width=\"379\" height=\"300\" srcset=\"https:\/\/agora.xtec.cat\/ieselsplanells\/wp-content\/uploads\/usu1160\/2025\/03\/xavi.jpg 581w, https:\/\/agora.xtec.cat\/ieselsplanells\/wp-content\/uploads\/usu1160\/2025\/03\/xavi-300x237.jpg 300w\" sizes=\"auto, (max-width: 379px) 100vw, 379px\" \/><\/a> <a href=\"https:\/\/agora.xtec.cat\/ieselsplanells\/wp-content\/uploads\/usu1160\/2025\/03\/jordi.jpg\"><img loading=\"lazy\" decoding=\"async\" class=\"alignnone wp-image-14186\" src=\"https:\/\/agora.xtec.cat\/ieselsplanells\/wp-content\/uploads\/usu1160\/2025\/03\/jordi.jpg\" alt=\"\" width=\"348\" height=\"296\" srcset=\"https:\/\/agora.xtec.cat\/ieselsplanells\/wp-content\/uploads\/usu1160\/2025\/03\/jordi.jpg 576w, https:\/\/agora.xtec.cat\/ieselsplanells\/wp-content\/uploads\/usu1160\/2025\/03\/jordi-300x256.jpg 300w\" sizes=\"auto, (max-width: 348px) 100vw, 348px\" \/><\/a><\/p>\n<p style=\"text-align: left;\"><strong>Un any m\u00e9s, moltes gr\u00e0cies a tots per continuar promovent l&#8217;esport, la salut i la solidaritat.<\/strong><\/p>\n<h6 style=\"text-align: left;\">Premeu al vincle per veure <a href=\"https:\/\/drive.google.com\/drive\/folders\/1fYxQx4Zz7H3EB0rKDXgzyFDMBQkAHLQ6?usp=sharing\">totes les fotos\u00a0<\/a><\/h6>\n<p style=\"text-align: left;\">\n","protected":false},"excerpt":{"rendered":"<p>Ahir, 27 de mar\u00e7 de 2025, va tenir lloc la 2a Cursa\/caminada Solid\u00e0ria per recaptar diners per a l&#8217;ONG Arrels Fundaci\u00f3, dedicada a l&#8217;atenci\u00f3 de presones sense llar. La cursa havia estat inicialment programada pel dia 21 de mar\u00e7, per\u00f2 es va haver d&#8217;ajornar per la pluja. Ahir, per\u00f2, va sortir el sol en una jornada que va lluir en tots els sentits.&hellip;  <a href=\"https:\/\/agora.xtec.cat\/ieselsplanells\/general\/2a-cursa-caminada-solidaria-per-la-fundacio-arrels\/\" title=\"Read 2a Cursa\/caminada Solid\u00e0ria per la Fundaci\u00f3 Arrels\">Llegeix m\u00e9s\u00bb<\/a><\/p>\n","protected":false},"author":10,"featured_media":14169,"comment_status":"open","ping_status":"closed","sticky":false,"template":"","format":"standard","meta":{"_bbp_topic_count":0,"_bbp_reply_count":0,"_bbp_total_topic_count":0,"_bbp_total_reply_count":0,"_bbp_voice_count":0,"_bbp_anonymous_reply_count":0,"_bbp_topic_count_hidden":0,"_bbp_reply_count_hidden":0,"_bbp_forum_subforum_count":0,"footnotes":""},"categories":[545,1,29],"tags":[],"class_list":["post-14160","post","type-post","status-publish","format-standard","has-post-thumbnail","hentry","category-curs-2024-2025","category-general","category-portada"],"post_mailing_queue_ids":[],"_links":{"self":[{"href":"https:\/\/agora.xtec.cat\/ieselsplanells\/wp-json\/wp\/v2\/posts\/14160","targetHints":{"allow":["GET"]}}],"collection":[{"href":"https:\/\/agora.xtec.cat\/ieselsplanells\/wp-json\/wp\/v2\/posts"}],"about":[{"href":"https:\/\/agora.xtec.cat\/ieselsplanells\/wp-json\/wp\/v2\/types\/post"}],"author":[{"embeddable":true,"href":"https:\/\/agora.xtec.cat\/ieselsplanells\/wp-json\/wp\/v2\/users\/10"}],"replies":[{"embeddable":true,"href":"https:\/\/agora.xtec.cat\/ieselsplanells\/wp-json\/wp\/v2\/comments?post=14160"}],"version-history":[{"count":6,"href":"https:\/\/agora.xtec.cat\/ieselsplanells\/wp-json\/wp\/v2\/posts\/14160\/revisions"}],"predecessor-version":[{"id":14198,"href":"https:\/\/agora.xtec.cat\/ieselsplanells\/wp-json\/wp\/v2\/posts\/14160\/revisions\/14198"}],"wp:featuredmedia":[{"embeddable":true,"href":"https:\/\/agora.xtec.cat\/ieselsplanells\/wp-json\/wp\/v2\/media\/14169"}],"wp:attachment":[{"href":"https:\/\/agora.xtec.cat\/ieselsplanells\/wp-json\/wp\/v2\/media?parent=14160"}],"wp:term":[{"taxonomy":"category","embeddable":true,"href":"https:\/\/agora.xtec.cat\/ieselsplanells\/wp-json\/wp\/v2\/categories?post=14160"},{"taxonomy":"post_tag","embeddable":true,"href":"https:\/\/agora.xtec.cat\/ieselsplanells\/wp-json\/wp\/v2\/tags?post=14160"}],"curies":[{"name":"wp","href":"https:\/\/api.w.org\/{rel}","templated":true}]}}