{"id":1415,"date":"2016-10-20T09:36:37","date_gmt":"2016-10-20T07:36:37","guid":{"rendered":"http:\/\/agora.xtec.cat\/ieselsplanells\/?p=1415"},"modified":"2017-09-08T13:14:04","modified_gmt":"2017-09-08T11:14:04","slug":"jornada-demprenedoria-i-lideratge-2","status":"publish","type":"post","link":"https:\/\/agora.xtec.cat\/ieselsplanells\/portada\/jornada-demprenedoria-i-lideratge-2\/","title":{"rendered":"Jornada d&#8217;Emprenedoria i Lideratge"},"content":{"rendered":"<p>El Cicle Formatiu de Gesti\u00f3 Administrativa va cloure la seva participaci\u00f3 en les Jornades d&#8217;Emprenedoria i Lideratge organitzades pel Consell Comarcal de La Noguera amb la segona i darrera activitat prevista: una visita a empreses ubicades a l&#8217;entorn proper que mostraren les q\u00fcestions pr\u00f2pies de la seva activitat i que compartiren les seves inquietuds i il\u00b7lusions.<\/p>\n<p>Les empreses visitades foren, en aquest ordre:<\/p>\n<ul>\n<li>Mobles Giribet, d&#8217;Artesa de Segre.<\/li>\n<li>Supermercat, de Vilanova de Mei\u00e0.<\/li>\n<li>Cal Cab\u00e0s, de Boada.<\/li>\n<\/ul>\n<p>De la xerrada amb totes tres empreses en van extreure aprenentatges significatius relatius a q\u00fcestions com la motivaci\u00f3 pr\u00f2pia, el risc i la por en l&#8217;inici dels negocis, la passi\u00f3 per la pr\u00f2pia feina ben feta, la possibilitat d&#8217;establir xarxes amb altres empreses de l&#8217;entorn proper, la import\u00e0ncia de la innovaci\u00f3, l&#8217;esfor\u00e7 personal per materialitzar la visi\u00f3 de negoci, o l&#8217;energia que proporciona la il\u00b7lusi\u00f3 pel treball aut\u00f2nom.<\/p>\n<p>Podeu veure imatges de la jornada en el seg\u00fcent enlla\u00e7:<\/p>\n<p><a href=\"https:\/\/www.flickr.com\/photos\/139314423@N05\/albums\/72157675353778826\" target=\"_blank\">Visita a empreses. Jornada Lideratge i Emprenedoria<\/a><\/p>\n","protected":false},"excerpt":{"rendered":"<p>Segona i darrera jornada d&#8217;Emprenedoria i Lideratge dels i les alumnes del Cicle Formatiu.&hellip;  <a href=\"https:\/\/agora.xtec.cat\/ieselsplanells\/portada\/jornada-demprenedoria-i-lideratge-2\/\" title=\"Read Jornada d&#8217;Emprenedoria i Lideratge\">Llegeix m\u00e9s\u00bb<\/a><\/p>\n","protected":false},"author":3,"featured_media":1416,"comment_status":"open","ping_status":"open","sticky":false,"template":"","format":"standard","meta":{"_bbp_topic_count":0,"_bbp_reply_count":0,"_bbp_total_topic_count":0,"_bbp_total_reply_count":0,"_bbp_voice_count":0,"_bbp_anonymous_reply_count":0,"_bbp_topic_count_hidden":0,"_bbp_reply_count_hidden":0,"_bbp_forum_subforum_count":0,"footnotes":""},"categories":[330,29],"tags":[246,39],"class_list":["post-1415","post","type-post","status-publish","format-standard","has-post-thumbnail","hentry","category-curs1617","category-portada","tag-cf","tag-sortides"],"post_mailing_queue_ids":[],"_links":{"self":[{"href":"https:\/\/agora.xtec.cat\/ieselsplanells\/wp-json\/wp\/v2\/posts\/1415","targetHints":{"allow":["GET"]}}],"collection":[{"href":"https:\/\/agora.xtec.cat\/ieselsplanells\/wp-json\/wp\/v2\/posts"}],"about":[{"href":"https:\/\/agora.xtec.cat\/ieselsplanells\/wp-json\/wp\/v2\/types\/post"}],"author":[{"embeddable":true,"href":"https:\/\/agora.xtec.cat\/ieselsplanells\/wp-json\/wp\/v2\/users\/3"}],"replies":[{"embeddable":true,"href":"https:\/\/agora.xtec.cat\/ieselsplanells\/wp-json\/wp\/v2\/comments?post=1415"}],"version-history":[{"count":3,"href":"https:\/\/agora.xtec.cat\/ieselsplanells\/wp-json\/wp\/v2\/posts\/1415\/revisions"}],"predecessor-version":[{"id":1420,"href":"https:\/\/agora.xtec.cat\/ieselsplanells\/wp-json\/wp\/v2\/posts\/1415\/revisions\/1420"}],"wp:featuredmedia":[{"embeddable":true,"href":"https:\/\/agora.xtec.cat\/ieselsplanells\/wp-json\/wp\/v2\/media\/1416"}],"wp:attachment":[{"href":"https:\/\/agora.xtec.cat\/ieselsplanells\/wp-json\/wp\/v2\/media?parent=1415"}],"wp:term":[{"taxonomy":"category","embeddable":true,"href":"https:\/\/agora.xtec.cat\/ieselsplanells\/wp-json\/wp\/v2\/categories?post=1415"},{"taxonomy":"post_tag","embeddable":true,"href":"https:\/\/agora.xtec.cat\/ieselsplanells\/wp-json\/wp\/v2\/tags?post=1415"}],"curies":[{"name":"wp","href":"https:\/\/api.w.org\/{rel}","templated":true}]}}